{"id":50032,"date":"2024-01-30T14:19:54","date_gmt":"2024-01-30T20:19:54","guid":{"rendered":"https:\/\/encuentroinformativo.com.mx\/?p=50032"},"modified":"2024-01-30T14:19:59","modified_gmt":"2024-01-30T20:19:59","slug":"existe-monitoreo-entre-hospitales-por-incremento-de-enfermedades-respiratorias","status":"publish","type":"post","link":"https:\/\/encuentroinformativo.com.mx\/?p=50032","title":{"rendered":"Existe monitoreo entre hospitales por incremento de enfermedades respiratorias"},"content":{"rendered":"\n<p><strong>Alejandro \u00c1vila<\/strong><\/p>\n\n\n\n<p>Boca del R\u00edo, Ver.- Debido al incremento de las enfermedades respiratorias en la entidad, se ha creado una red de monitoreo entre los hospitales p\u00fablicos y privados de Veracruz, se\u00f1al\u00f3 Marcelo Andrade Rodr\u00edguez, director m\u00e9dico de los Hospitales Covadonga.<\/p>\n\n\n\n<p>A pesar de esta tendencia a la alza, el galeno asegur\u00f3 que los casos de COVID a la fecha no son alarmantes; y aclar\u00f3 que el rinovirus, que es la enfermedad m\u00e1s com\u00fan que provoca la gripe, puede ser combatido con la aplicaci\u00f3n de los refuerzos de la vacuna para la Influenza y COVID.<\/p>\n\n\n\n<p>\u201cEs como un term\u00f3metro, saber si el IMSS, ISSSTE o Secretar\u00eda de Salud han tenido incremento en las hospitalizaciones, porque sabemos que se nos viene a nosotros\u201d, expres\u00f3.<\/p>\n\n\n\n<p>El m\u00e9dico dijo que seg\u00fan las estad\u00edsticas, la mayor\u00eda de los casos se han presentado en j\u00f3venes de entre 20 y 35 a\u00f1os; aclarando que al momento, las hospitalizaciones por complicaciones han sido m\u00ednimas.<\/p>\n\n\n\n<p>Sobre el tema de las vacunas, asegur\u00f3 que todas las vacunas son buenas y est\u00e1n validadas.<\/p>\n\n\n\n<p>Adem\u00e1s de que se suman a la inmunidad que el cuerpo comienza a generar, cuando ya padeciste Covid, ya que el cuerpo aprende a reconocer el virus y la enfermedad.<\/p>\n\n\n\n<p>\u201cNo porque digan que es Covid y le pongan un nombre a parte, sigue siendo Covid, pero es una sepa diferente, esperamos que as\u00ed se mantenga, que el cuerpo tambi\u00e9n las reconoce\u201d, remat\u00f3.<\/p>\n","protected":false},"excerpt":{"rendered":"<p>Alejandro \u00c1vila Boca del R\u00edo, Ver.- Debido al incremento de las enfermedades respiratorias en la entidad, se ha creado una red de monitoreo entre los hospitales p\u00fablicos y privados de Veracruz, se\u00f1al\u00f3 Marcelo Andrade Rodr\u00edguez, director m\u00e9dico de los Hospitales Covadonga. A pesar de esta tendencia a la alza, el galeno asegur\u00f3 que los casos [&hellip;]<\/p>\n","protected":false},"author":2476,"featured_media":50033,"comment_status":"open","ping_status":"open","sticky":false,"template":"","format":"standard","meta":{"_jetpack_memberships_contains_paid_content":false,"footnotes":""},"categories":[9],"tags":[],"class_list":["post-50032","post","type-post","status-publish","format-standard","has-post-thumbnail","hentry","category-salud"],"jetpack_featured_media_url":"https:\/\/encuentroinformativo.com.mx\/wp-content\/uploads\/2024\/01\/IMG-20240130-WA0072.jpg","jetpack_sharing_enabled":true,"jetpack_likes_enabled":true,"amp_enabled":true,"_links":{"self":[{"href":"https:\/\/encuentroinformativo.com.mx\/index.php?rest_route=\/wp\/v2\/posts\/50032","targetHints":{"allow":["GET"]}}],"collection":[{"href":"https:\/\/encuentroinformativo.com.mx\/index.php?rest_route=\/wp\/v2\/posts"}],"about":[{"href":"https:\/\/encuentroinformativo.com.mx\/index.php?rest_route=\/wp\/v2\/types\/post"}],"author":[{"embeddable":true,"href":"https:\/\/encuentroinformativo.com.mx\/index.php?rest_route=\/wp\/v2\/users\/2476"}],"replies":[{"embeddable":true,"href":"https:\/\/encuentroinformativo.com.mx\/index.php?rest_route=%2Fwp%2Fv2%2Fcomments&post=50032"}],"version-history":[{"count":1,"href":"https:\/\/encuentroinformativo.com.mx\/index.php?rest_route=\/wp\/v2\/posts\/50032\/revisions"}],"predecessor-version":[{"id":50034,"href":"https:\/\/encuentroinformativo.com.mx\/index.php?rest_route=\/wp\/v2\/posts\/50032\/revisions\/50034"}],"wp:featuredmedia":[{"embeddable":true,"href":"https:\/\/encuentroinformativo.com.mx\/index.php?rest_route=\/wp\/v2\/media\/50033"}],"wp:attachment":[{"href":"https:\/\/encuentroinformativo.com.mx\/index.php?rest_route=%2Fwp%2Fv2%2Fmedia&parent=50032"}],"wp:term":[{"taxonomy":"category","embeddable":true,"href":"https:\/\/encuentroinformativo.com.mx\/index.php?rest_route=%2Fwp%2Fv2%2Fcategories&post=50032"},{"taxonomy":"post_tag","embeddable":true,"href":"https:\/\/encuentroinformativo.com.mx\/index.php?rest_route=%2Fwp%2Fv2%2Ftags&post=50032"}],"curies":[{"name":"wp","href":"https:\/\/api.w.org\/{rel}","templated":true}]}}