{"id":50038,"date":"2024-01-30T14:29:37","date_gmt":"2024-01-30T20:29:37","guid":{"rendered":"https:\/\/encuentroinformativo.com.mx\/?p=50038"},"modified":"2024-01-30T14:29:43","modified_gmt":"2024-01-30T20:29:43","slug":"destaca-veracruz-a-nivel-internacional-por-casos-de-desaparicion-forzada","status":"publish","type":"post","link":"https:\/\/encuentroinformativo.com.mx\/?p=50038","title":{"rendered":"Destaca Veracruz a nivel internacional por casos de desaparici\u00f3n forzada"},"content":{"rendered":"\n<p><strong>Juan Arcos <\/strong><\/p>\n\n\n\n<p>Xalapa, Ver.- El estado de Veracruz nuevamente destac\u00f3 a nivel internacional por un caso de desaparici\u00f3n forzada registrado en el sexenio duartista, el cual contin\u00faa en la impunidad.<\/p>\n\n\n\n<p>Los integrantes de colectivos de b\u00fasqueda han manifestado que durante dicho gobierno fue alarmante la cifra de v\u00edctimas de ese delito.<br>Reci\u00e9n el Comit\u00e9 contra las Desapariciones Forzadas de las Naciones Unidas (CED, por sus siglas en ingl\u00e9s) emiti\u00f3 una \u201cAcci\u00f3n Urgente\u201d para que el Estado Mexicano tome todas las medidas necesarias y as\u00ed garantizar la b\u00fasqueda y localizaci\u00f3n de Jacob Vicente Jim\u00e9nez Gonz\u00e1lez.<\/p>\n\n\n\n<p>\u00c9l fue v\u00edctima de desaparici\u00f3n forzada en Veracruz el 25 de septiembre de 2015, en el contexto de la implementaci\u00f3n del denominado \u201cOperativo Blindaje Coatzacoalcos\u201d, instaurado el 26 de mayo de 2014 por el entonces gobernador Javier Duarte de Ochoa.<\/p>\n\n\n\n<p>El operativo tuvo como principal objetivo la prevenci\u00f3n y sanci\u00f3n de diversos delitos en los municipios de Coatzacoalcos y alrededores. Su implementaci\u00f3n era a cargo de la coordinaci\u00f3n de los tres niveles de gobierno con la intervenci\u00f3n de la Secretar\u00eda de la Defensa Nacional (Sedena), la Secretar\u00eda de Marina (Semar), la Polic\u00eda Federal y la Polic\u00eda Estatal en Veracruz.<\/p>\n\n\n\n<p>El Comit\u00e9 contra las Desapariciones Forzadas de las Naciones Unidas requiri\u00f3 a M\u00e9xico revisar de forma urgente las estrategias de b\u00fasqueda e investigaci\u00f3n que han sido adoptadas por las autoridades, con el fin de asegurar y garantizar una coordinaci\u00f3n interinstitucional de sus acciones en los procesos de b\u00fasqueda e investigaci\u00f3n.<\/p>\n\n\n\n<p>Tambi\u00e9n pidi\u00f3 ejecutar de manera inmediata y efectiva todas las \u00f3rdenes de captura emitidas en el caso; asegurar la identificaci\u00f3n de todas las personas involucradas en los hechos, incluyendo por medio de la investigaci\u00f3n las respectivas cadenas de mando.<\/p>\n\n\n\n<p>Adem\u00e1s de investigar y sancionar cualquier intervenci\u00f3n de las autoridades o instituciones nacionales que tendr\u00edan por objeto entorpecer la efectividad de los procesos de b\u00fasqueda y de la investigaci\u00f3n.<\/p>\n\n\n\n<p>Se solicit\u00f3 implementar mecanismos oficiales y claros a trav\u00e9s de los cuales se informe peri\u00f3dicamente\u00a0 a los familiares y representantes sobre los avances de los procesos de b\u00fasqueda e investigaci\u00f3n llevados a cabo con relaci\u00f3n a la desaparici\u00f3n forzada de Jacob Vicente, y sus resultados.<\/p>\n\n\n\n<p>El Comit\u00e9 record\u00f3 a las autoridades que la impunidad en M\u00e9xico es un rasgo estructural que favorece la reproducci\u00f3n y el encubrimiento de las desapariciones forzadas, seg\u00fan lo establecido en su Informe sobre su visita en virtud del art\u00edculo 33 de la Convenci\u00f3n, y que, adem\u00e1s, la impunidad opera como factor de revictimizaci\u00f3n y vulnera el impacto de cualquier iniciativa para erradicar y prevenir las desapariciones forzadas.<\/p>\n\n\n\n<p>Se demand\u00f3 al Estado mexicano enviar informaci\u00f3n a m\u00e1s tardar el 24 de febrero de 2024 sobre las medidas adoptadas.<\/p>\n\n\n\n<p>\u201cEl mecanismo de Acci\u00f3n Urgente, previsto en el art\u00edculo 30 de la Convenci\u00f3n Internacional para la Protecci\u00f3n de Todas las Personas contra las Desapariciones Forzadas, es un mecanismo humanitario que contribuye a que los Estados emprendan acciones inmediatas para la b\u00fasqueda y localizaci\u00f3n de las personas desaparecidas\u201d, se lee en el informe.<\/p>\n\n\n\n<figure class=\"wp-block-image size-large\"><img loading=\"lazy\" decoding=\"async\" width=\"1024\" height=\"1024\" src=\"https:\/\/encuentroinformativo.com.mx\/wp-content\/uploads\/2024\/01\/IMG_6884-1024x1024.jpg\" alt=\"\" class=\"wp-image-50039\" srcset=\"https:\/\/encuentroinformativo.com.mx\/wp-content\/uploads\/2024\/01\/IMG_6884-1024x1024.jpg 1024w, https:\/\/encuentroinformativo.com.mx\/wp-content\/uploads\/2024\/01\/IMG_6884-300x300.jpg 300w, https:\/\/encuentroinformativo.com.mx\/wp-content\/uploads\/2024\/01\/IMG_6884-150x150.jpg 150w, https:\/\/encuentroinformativo.com.mx\/wp-content\/uploads\/2024\/01\/IMG_6884-768x768.jpg 768w, https:\/\/encuentroinformativo.com.mx\/wp-content\/uploads\/2024\/01\/IMG_6884-1536x1536.jpg 1536w, https:\/\/encuentroinformativo.com.mx\/wp-content\/uploads\/2024\/01\/IMG_6884.jpg 1600w\" sizes=\"auto, (max-width: 1024px) 100vw, 1024px\" \/><\/figure>\n","protected":false},"excerpt":{"rendered":"<p>Juan Arcos Xalapa, Ver.- El estado de Veracruz nuevamente destac\u00f3 a nivel internacional por un caso de desaparici\u00f3n forzada registrado en el sexenio duartista, el cual contin\u00faa en la impunidad. Los integrantes de colectivos de b\u00fasqueda han manifestado que durante dicho gobierno fue alarmante la cifra de v\u00edctimas de ese delito.Reci\u00e9n el Comit\u00e9 contra las [&hellip;]<\/p>\n","protected":false},"author":2476,"featured_media":50039,"comment_status":"open","ping_status":"open","sticky":false,"template":"","format":"standard","meta":{"_jetpack_memberships_contains_paid_content":false,"footnotes":""},"categories":[2],"tags":[],"class_list":["post-50038","post","type-post","status-publish","format-standard","has-post-thumbnail","hentry","category-estado"],"jetpack_featured_media_url":"https:\/\/encuentroinformativo.com.mx\/wp-content\/uploads\/2024\/01\/IMG_6884.jpg","jetpack_sharing_enabled":true,"jetpack_likes_enabled":true,"amp_enabled":true,"_links":{"self":[{"href":"https:\/\/encuentroinformativo.com.mx\/index.php?rest_route=\/wp\/v2\/posts\/50038","targetHints":{"allow":["GET"]}}],"collection":[{"href":"https:\/\/encuentroinformativo.com.mx\/index.php?rest_route=\/wp\/v2\/posts"}],"about":[{"href":"https:\/\/encuentroinformativo.com.mx\/index.php?rest_route=\/wp\/v2\/types\/post"}],"author":[{"embeddable":true,"href":"https:\/\/encuentroinformativo.com.mx\/index.php?rest_route=\/wp\/v2\/users\/2476"}],"replies":[{"embeddable":true,"href":"https:\/\/encuentroinformativo.com.mx\/index.php?rest_route=%2Fwp%2Fv2%2Fcomments&post=50038"}],"version-history":[{"count":2,"href":"https:\/\/encuentroinformativo.com.mx\/index.php?rest_route=\/wp\/v2\/posts\/50038\/revisions"}],"predecessor-version":[{"id":50041,"href":"https:\/\/encuentroinformativo.com.mx\/index.php?rest_route=\/wp\/v2\/posts\/50038\/revisions\/50041"}],"wp:featuredmedia":[{"embeddable":true,"href":"https:\/\/encuentroinformativo.com.mx\/index.php?rest_route=\/wp\/v2\/media\/50039"}],"wp:attachment":[{"href":"https:\/\/encuentroinformativo.com.mx\/index.php?rest_route=%2Fwp%2Fv2%2Fmedia&parent=50038"}],"wp:term":[{"taxonomy":"category","embeddable":true,"href":"https:\/\/encuentroinformativo.com.mx\/index.php?rest_route=%2Fwp%2Fv2%2Fcategories&post=50038"},{"taxonomy":"post_tag","embeddable":true,"href":"https:\/\/encuentroinformativo.com.mx\/index.php?rest_route=%2Fwp%2Fv2%2Ftags&post=50038"}],"curies":[{"name":"wp","href":"https:\/\/api.w.org\/{rel}","templated":true}]}}