{"id":50045,"date":"2024-01-30T14:38:58","date_gmt":"2024-01-30T20:38:58","guid":{"rendered":"https:\/\/encuentroinformativo.com.mx\/?p=50045"},"modified":"2024-01-30T14:39:02","modified_gmt":"2024-01-30T20:39:02","slug":"respeto-postura-de-ambientalistas-pero-relleno-sanitario-necesita-ampliacion-ahued","status":"publish","type":"post","link":"https:\/\/encuentroinformativo.com.mx\/?p=50045","title":{"rendered":"Respeto postura de ambientalistas, pero relleno sanitario necesita ampliaci\u00f3n: Ahued"},"content":{"rendered":"\n<p><strong>Juan Arcos <\/strong><\/p>\n\n\n\n<p>Xalapa, Ver.- El alcalde Ricardo Ahued Bardahuil confirm\u00f3 que se busca ampliar el relleno sanitario El Tronconal, pese a que organizaciones ambientalistas se oponen al proyecto porque atenta contra el \u00c1rea Natural Protegida conocida como \u201cArchipi\u00e9lago de Bosques y Selvas de Xalapa\u201d.<\/p>\n\n\n\n<p>El edil morenista indic\u00f3 que, como autoridad local, supervisar\u00e1n que se cumplan las normas ambientales, debido a que ya existe el relleno y el proyecto consiste en ampliar su capacidad.<\/p>\n\n\n\n<p>El Presidente Municipal dijo respetar la postura de los ambientalistas, pero enfatiz\u00f3 que su gobierno debe buscar opciones para garantizar un servicio de calidad a la poblaci\u00f3n en el manejo de los desechos urbanos.<\/p>\n\n\n\n<p>Cabe recordar que la ciudadan\u00eda pidi\u00f3 a la Secretar\u00eda de Medio Ambiente (Sedema) que niegue la autorizaci\u00f3n de impacto ambiental de este proyecto, que ocupar\u00eda un 5.88 por ciento de la superficie que est\u00e1 protegida.<\/p>\n\n\n\n<p>El pasado 3 de noviembre, se public\u00f3 la solicitud de autorizaci\u00f3n de impacto ambiental del proyecto \u201cAmpliaci\u00f3n del Relleno Sanitario de El Tronconal en la Gaceta Ecol\u00f3gica de la Secretar\u00eda de Medio Ambiente del Estado de Veracruz (Sedema). Se trata de la sexta ocasi\u00f3n de ampliaci\u00f3n, que afectar\u00eda comunidades y el ecosistema en la regi\u00f3n de Xalapa.<\/p>\n\n\n\n<p>Integrantes de la Red de Custodios del Archipi\u00e9lago de Bosques y Selvas de Xalapa; Territorios Diversos para la Vida A.C. (TerraVida); y el Centro Comunitario de Tradiciones, Oficios y Saberes de Chiltoyac ingresaron sus observaciones y preocupaciones a la Manifestaci\u00f3n de Impacto Ambiental (MIA) el pasado 12 de enero 2024 a la Sedema, tras haber solicitado la apertura de la consulta p\u00fablica del proyecto.<\/p>\n\n\n\n<p>Los defensores sostienen que el proyecto cuenta con graves deficiencias, que afectar\u00edan a\u00fan m\u00e1s a las personas y la naturaleza de la zona que ya est\u00e1n en una situaci\u00f3n de vulnerabilidad. Desde el inicio de la construcci\u00f3n del relleno sanitario \u201cEl Tronconal\u201d en 2002, los trabajos empezaron sin que se hubieran realizado todos los estudios y tr\u00e1mites necesarios, sin un estudio formal de selecci\u00f3n de sitio.<\/p>\n\n\n\n<p>Al respecto, Ricardo Ahued enfatiz\u00f3 que ser\u00e1 necesario contar con un relleno sanitario metropolitano en la regi\u00f3n capital del estado de Veracruz.<\/p>\n\n\n\n<p>\u201cSe tendr\u00e1 que ver alguna zona metropolitana para desechos s\u00f3lidos, ya estamos en el momento que tanto Emiliano Zapata como nosotros con los dem\u00e1s municipios, se necesita ir pensando con las normas ambientales m\u00e1s modernas para que se pueda hacer un tratamiento de los residuos de toda la zona metropolitana\u201d, expres\u00f3.<\/p>\n\n\n\n<p>Se trata de la sexta vez que el ayuntamiento de Xalapa ampliar\u00eda el relleno sanitario de la congregaci\u00f3n El Tronconal, para contar con la capacidad necesaria en el dep\u00f3sito final de los residuos s\u00f3lidos urbanos.<\/p>\n","protected":false},"excerpt":{"rendered":"<p>Juan Arcos Xalapa, Ver.- El alcalde Ricardo Ahued Bardahuil confirm\u00f3 que se busca ampliar el relleno sanitario El Tronconal, pese a que organizaciones ambientalistas se oponen al proyecto porque atenta contra el \u00c1rea Natural Protegida conocida como \u201cArchipi\u00e9lago de Bosques y Selvas de Xalapa\u201d. El edil morenista indic\u00f3 que, como autoridad local, supervisar\u00e1n que se [&hellip;]<\/p>\n","protected":false},"author":2476,"featured_media":45077,"comment_status":"open","ping_status":"open","sticky":false,"template":"","format":"standard","meta":{"_jetpack_memberships_contains_paid_content":false,"footnotes":""},"categories":[3],"tags":[],"class_list":["post-50045","post","type-post","status-publish","format-standard","has-post-thumbnail","hentry","category-xalapa"],"jetpack_featured_media_url":"https:\/\/encuentroinformativo.com.mx\/wp-content\/uploads\/2023\/09\/IMG-20230911-WA01483.jpg","jetpack_sharing_enabled":true,"jetpack_likes_enabled":true,"amp_enabled":true,"_links":{"self":[{"href":"https:\/\/encuentroinformativo.com.mx\/index.php?rest_route=\/wp\/v2\/posts\/50045","targetHints":{"allow":["GET"]}}],"collection":[{"href":"https:\/\/encuentroinformativo.com.mx\/index.php?rest_route=\/wp\/v2\/posts"}],"about":[{"href":"https:\/\/encuentroinformativo.com.mx\/index.php?rest_route=\/wp\/v2\/types\/post"}],"author":[{"embeddable":true,"href":"https:\/\/encuentroinformativo.com.mx\/index.php?rest_route=\/wp\/v2\/users\/2476"}],"replies":[{"embeddable":true,"href":"https:\/\/encuentroinformativo.com.mx\/index.php?rest_route=%2Fwp%2Fv2%2Fcomments&post=50045"}],"version-history":[{"count":1,"href":"https:\/\/encuentroinformativo.com.mx\/index.php?rest_route=\/wp\/v2\/posts\/50045\/revisions"}],"predecessor-version":[{"id":50046,"href":"https:\/\/encuentroinformativo.com.mx\/index.php?rest_route=\/wp\/v2\/posts\/50045\/revisions\/50046"}],"wp:featuredmedia":[{"embeddable":true,"href":"https:\/\/encuentroinformativo.com.mx\/index.php?rest_route=\/wp\/v2\/media\/45077"}],"wp:attachment":[{"href":"https:\/\/encuentroinformativo.com.mx\/index.php?rest_route=%2Fwp%2Fv2%2Fmedia&parent=50045"}],"wp:term":[{"taxonomy":"category","embeddable":true,"href":"https:\/\/encuentroinformativo.com.mx\/index.php?rest_route=%2Fwp%2Fv2%2Fcategories&post=50045"},{"taxonomy":"post_tag","embeddable":true,"href":"https:\/\/encuentroinformativo.com.mx\/index.php?rest_route=%2Fwp%2Fv2%2Ftags&post=50045"}],"curies":[{"name":"wp","href":"https:\/\/api.w.org\/{rel}","templated":true}]}}