{"id":50047,"date":"2024-01-30T16:02:39","date_gmt":"2024-01-30T22:02:39","guid":{"rendered":"https:\/\/encuentroinformativo.com.mx\/?p=50047"},"modified":"2024-01-30T16:02:44","modified_gmt":"2024-01-30T22:02:44","slug":"en-tlacotalpan-secretaria-de-cultura-hara-homenaje-a-mono-blanco-y-son-de-madera","status":"publish","type":"post","link":"https:\/\/encuentroinformativo.com.mx\/?p=50047","title":{"rendered":"En Tlacotalpan, Secretar\u00eda de Cultura har\u00e1 homenaje a Mono Blanco y Son de Madera"},"content":{"rendered":"\n<p><strong>Alejandro \u00c1vila<\/strong><\/p>\n\n\n\n<p>Veracruz, Ver.- La recientemente creada Secretar\u00eda de Cultura de Veracruz rendir\u00e1 homenaje durante los festejos en honor a la Virgen de la Candelaria en Tlacotalpan a, Gilberto Guti\u00e9rrez Silva, director y fundador del grupo folkl\u00f3rico &#8220;Mono Blanco&#8221;, as\u00ed como a la agrupaci\u00f3n, Son de Madera, por 30 a\u00f1os de trayectoria.<\/p>\n\n\n\n<p>Es de mencionar que el programa art\u00edstico de la edici\u00f3n 2024 ha sido denominado &#8220;Foro Especial de Son Jarocho&#8221;, mismo que se llevar\u00e1 a cabo durante tres noches en la Casa de Cultura &#8220;Agust\u00edn Lara&#8221;.<\/p>\n\n\n\n<p>El 31 de enero participar\u00e1n: El Son que Faltaba, de Tlacotalpan; Los Hijos de La Bonga, de Playa Vicente; y el grupo R\u00edo Crecido, de Santiago Tuxtla.<\/p>\n\n\n\n<p>El jueves 1 de febrero se presentar\u00e1n: Manguito con Chile, de Xalapa; el colectivo Mono Blanco; y Son de Madera.<\/p>\n\n\n\n<p>Finalmente, el viernes 2 de febrero la del Foro Especial de Son Jarocho estar\u00e1 a cargo de: Tapacamino Colectivo Musiquero, de Oaxaca; Son Chayanne, de Santiago Tuxtla; Caf\u00e9 Caf\u00e9 \u2013 Sabana Records, de Chacalapa en J\u00e1ltipan; y el grupo La Ramita de Cedro, de la CDMX.<\/p>\n\n\n\n<p>Adem\u00e1s, durante el fin de semana se presenta en el Centro Cultural del Sotavento el grupo &#8220;Son 4&#8221; de Tlacotalpan, los cuales deleitar\u00e1 al p\u00fablico con un repertorio de son montuno el s\u00e1bado 3 de febrero a las 18:00 horas. El programa concluye el domingo 4 a las 12:00 horas con el espect\u00e1culo infantil de narraci\u00f3n oral &#8220;Los Cuentos de mi Abuela&#8221;.<\/p>\n\n\n\n<p>La programaci\u00f3n acad\u00e9mica tendr\u00e1 lugar en el Centro Cultural del Sotavento durante los tres d\u00edas a partir de las 10 horas, donde se presentar\u00e1n nuevos productos literarios, fonogramas y materiales audiovisuales, adem\u00e1s de charlas y conversatorios.<\/p>\n\n\n\n<p>Dar\u00e1 inicio el 31 de enero con las presentaciones editoriales de &#8220;No te muevas Papaloapan&#8221;, &#8220;Poes\u00eda de campo y memorial en verso de Tlacojalpan&#8221;, &#8220;Veracruz y Pasajes&#8221;, &#8220;Paisajes y Personajes de Tierra Blanca&#8221;; m\u00e1s tarde se presentar\u00e1 el material audiovisual &#8220;Declamaci\u00f3n: La Candelaria se peina su cabello Papaloapan&#8221;, y se hablar\u00e1 del libro &#8220;Del Jaguar al L\u00edcer&#8221;, seguido de la presentaci\u00f3n del libro &#8220;La Mulata de C\u00f3rdoba&#8221;.<\/p>\n\n\n\n<p>La jornada concluye con la inauguraci\u00f3n de la exposici\u00f3n fotogr\u00e1fica &#8220;Reflejos de vida&#8221; de Mario Cruz Ter\u00e1n.<\/p>\n\n\n\n<p>El 1 de febrero se presentar\u00e1 el proyecto &#8220;El fandango como factor de comunalidad y recreaci\u00f3n en&nbsp; comunidades rurales vulnerables PACMYC 2022&#8221;, seguida de la proyecci\u00f3n del video &#8220;Homenaje a Don Porfirio Rosado y a Don Diego Cruz Lara&#8221;; m\u00e1s adelante se realizar\u00e1 la charla y video &#8220;Reflexionario Fandanguero&#8221;, as\u00ed como la presentaci\u00f3n editorial del &#8220;Manifiesto Decimista&#8221;, y la transmisi\u00f3n del documental &#8220;Son Cambiabte&#8221;, largometraje documental sobre el cambio y la tradici\u00f3n en el son jarocho.<\/p>\n\n\n\n<p>Por la tarde se presentar\u00e1n los proyectos musicales: Son de Chagane y Son de Madera; el libro &#8220;Coraz\u00f3n del Sotavento&#8221;; y los discos Patrona del Manantial y Sonidos del Toro Zacamand\u00fa: Poes\u00eda y Son Jarocho.<\/p>\n\n\n\n<p>El 2 de febrero la muestra tendr\u00e1 la presentaci\u00f3n del proyecto de investigaci\u00f3n &#8220;Canciones y Sones en el proceso de la revitalizaci\u00f3n de la lengua n\u00e1huat de Pajapan&#8221;; tambi\u00e9n se llevar\u00e1n a cabo las presentaciones editoriales de cinco destacados t\u00edtulos; &#8220;Embosquecerse: Poemario para sentir la fronda&#8221;; &#8220;Danzoneros del puerto de Veracruz&#8221;; &#8220;Detr\u00e1s de la verde arboleda&#8221;; &#8220;El caballo, la mujer y la pistola y el libro&#8221;, &#8220;El p\u00e1jaro carpintero: M\u00fasicos y lauderos de Veracruz&#8221;.<\/p>\n\n\n\n<p>Esa tarde se compartir\u00e1n detalles sobre los discos, Fandanguito Latinoamericano y Los Sones de la Tierra: sones compartidos en el centro Guerrero y el sotavento veracruzano; tambi\u00e9n se hablar\u00e1 sobre el proyecto cultural &#8220;En fin, voy a comenzar&#8221;, de Sabana Records; se presentar\u00e1 el disco &#8220;Linda Mar\u00eda&#8221;, y ser\u00e1 proyectado el audiovisual &#8220;La Herlinda&#8221;. Las actividades acad\u00e9micas concluyen con la charla &#8220;Las Fiestas de la Candelaria en Tlacotalpan: una tradici\u00f3n centenaria&#8221;, a cargo del cronista de la ciudad de Tlacotalpan, \u00c1lvaro Zarrabal Caldelas.<\/p>\n","protected":false},"excerpt":{"rendered":"<p>Alejandro \u00c1vila Veracruz, Ver.- La recientemente creada Secretar\u00eda de Cultura de Veracruz rendir\u00e1 homenaje durante los festejos en honor a la Virgen de la Candelaria en Tlacotalpan a, Gilberto Guti\u00e9rrez Silva, director y fundador del grupo folkl\u00f3rico &#8220;Mono Blanco&#8221;, as\u00ed como a la agrupaci\u00f3n, Son de Madera, por 30 a\u00f1os de trayectoria. Es de mencionar [&hellip;]<\/p>\n","protected":false},"author":2476,"featured_media":50048,"comment_status":"open","ping_status":"open","sticky":false,"template":"","format":"standard","meta":{"_jetpack_memberships_contains_paid_content":false,"footnotes":""},"categories":[2],"tags":[],"class_list":["post-50047","post","type-post","status-publish","format-standard","has-post-thumbnail","hentry","category-estado"],"jetpack_featured_media_url":"https:\/\/encuentroinformativo.com.mx\/wp-content\/uploads\/2024\/01\/IMG-20240130-WA0073.jpg","jetpack_sharing_enabled":true,"jetpack_likes_enabled":true,"amp_enabled":true,"_links":{"self":[{"href":"https:\/\/encuentroinformativo.com.mx\/index.php?rest_route=\/wp\/v2\/posts\/50047","targetHints":{"allow":["GET"]}}],"collection":[{"href":"https:\/\/encuentroinformativo.com.mx\/index.php?rest_route=\/wp\/v2\/posts"}],"about":[{"href":"https:\/\/encuentroinformativo.com.mx\/index.php?rest_route=\/wp\/v2\/types\/post"}],"author":[{"embeddable":true,"href":"https:\/\/encuentroinformativo.com.mx\/index.php?rest_route=\/wp\/v2\/users\/2476"}],"replies":[{"embeddable":true,"href":"https:\/\/encuentroinformativo.com.mx\/index.php?rest_route=%2Fwp%2Fv2%2Fcomments&post=50047"}],"version-history":[{"count":1,"href":"https:\/\/encuentroinformativo.com.mx\/index.php?rest_route=\/wp\/v2\/posts\/50047\/revisions"}],"predecessor-version":[{"id":50049,"href":"https:\/\/encuentroinformativo.com.mx\/index.php?rest_route=\/wp\/v2\/posts\/50047\/revisions\/50049"}],"wp:featuredmedia":[{"embeddable":true,"href":"https:\/\/encuentroinformativo.com.mx\/index.php?rest_route=\/wp\/v2\/media\/50048"}],"wp:attachment":[{"href":"https:\/\/encuentroinformativo.com.mx\/index.php?rest_route=%2Fwp%2Fv2%2Fmedia&parent=50047"}],"wp:term":[{"taxonomy":"category","embeddable":true,"href":"https:\/\/encuentroinformativo.com.mx\/index.php?rest_route=%2Fwp%2Fv2%2Fcategories&post=50047"},{"taxonomy":"post_tag","embeddable":true,"href":"https:\/\/encuentroinformativo.com.mx\/index.php?rest_route=%2Fwp%2Fv2%2Ftags&post=50047"}],"curies":[{"name":"wp","href":"https:\/\/api.w.org\/{rel}","templated":true}]}}