{"id":50061,"date":"2024-01-31T10:46:10","date_gmt":"2024-01-31T16:46:10","guid":{"rendered":"https:\/\/encuentroinformativo.com.mx\/?p=50061"},"modified":"2024-01-31T10:46:15","modified_gmt":"2024-01-31T16:46:15","slug":"protestan-docentes-reclaman-pagos-puntuales","status":"publish","type":"post","link":"https:\/\/encuentroinformativo.com.mx\/?p=50061","title":{"rendered":"Protestan docentes, reclaman pagos puntuales"},"content":{"rendered":"\n<p><strong>Juan Arcos <\/strong><\/p>\n\n\n\n<p>Xalapa, Ver.- Docentes protestaron y pararon labores en algunas escuelas y en oficinas de la Secretar\u00eda de Educaci\u00f3n de Veracruz (SEV) por el retraso en el pago de la segunda quincena de enero.<\/p>\n\n\n\n<p>Los inconformes se manifestaron este mi\u00e9rcoles 31 de enero en las escuelas primarias &#8220;Manuel de Boza&#8221; y \u201cEnrique C. R\u00e9bsamen\u201d, ubicadas en la zona centro de la ciudad de Xalapa, donde los alumnos se quedaron sin clases.<\/p>\n\n\n\n<p>Sin embargo, tambi\u00e9n integrantes del Sindicato Democr\u00e1tico de Trabajadores de la Educaci\u00f3n de Veracruz (SDTEV) protestaron en las oficinas centrales de la SEV, que se localizan sobre la carretera federal Xalapa-Veracruz.<\/p>\n\n\n\n<p>De acuerdo con la secretaria general de este sindicato, Celeste Ang\u00e9lica Villegas S\u00e1nchez, la inconformidad es por las fallas t\u00e9cnicas de la SEV al dispersar los pagos de los docentes en la entidad.<\/p>\n\n\n\n<p>\u201cLo correcto es respaldar a los profesores ante la molestia que se tiene de manera generalizada, pues al final de cuentas es algo que ya trabajaron. Esta es la postura que fijamos\u201d, expres\u00f3.<\/p>\n\n\n\n<p>De manera coordinada se tomar\u00e1n decisiones para que de manera colectiva con las 72 delegaciones sindicales activas para continuar con las protestas y exigir que sean respetados sus derechos laborales.<\/p>\n\n\n\n<p>\u201cSi la respuesta de las autoridades es negativa o no se procede con el compromiso antes planteado de la dispersi\u00f3n del pago a los maestros, el d\u00eda jueves realizaremos una manifestaci\u00f3n multitudinaria en las Instalaciones de la SEV\u201d, mencionaron algunos de los quejosos.<\/p>\n\n\n\n<p>Los docentes mantendr\u00e1n las protestas en la entidad veracruzana hasta obtener una respuesta favorable por parte de las autoridades educativas.<\/p>\n","protected":false},"excerpt":{"rendered":"<p>Juan Arcos Xalapa, Ver.- Docentes protestaron y pararon labores en algunas escuelas y en oficinas de la Secretar\u00eda de Educaci\u00f3n de Veracruz (SEV) por el retraso en el pago de la segunda quincena de enero. Los inconformes se manifestaron este mi\u00e9rcoles 31 de enero en las escuelas primarias &#8220;Manuel de Boza&#8221; y \u201cEnrique C. R\u00e9bsamen\u201d, [&hellip;]<\/p>\n","protected":false},"author":2476,"featured_media":50062,"comment_status":"open","ping_status":"open","sticky":false,"template":"","format":"standard","meta":{"_jetpack_memberships_contains_paid_content":false,"footnotes":""},"categories":[3],"tags":[],"class_list":["post-50061","post","type-post","status-publish","format-standard","has-post-thumbnail","hentry","category-xalapa"],"jetpack_featured_media_url":"https:\/\/encuentroinformativo.com.mx\/wp-content\/uploads\/2024\/01\/244a3cb3-5bbe-40bf-bda9-1bccc8706b19.jpg","jetpack_sharing_enabled":true,"jetpack_likes_enabled":true,"amp_enabled":true,"_links":{"self":[{"href":"https:\/\/encuentroinformativo.com.mx\/index.php?rest_route=\/wp\/v2\/posts\/50061","targetHints":{"allow":["GET"]}}],"collection":[{"href":"https:\/\/encuentroinformativo.com.mx\/index.php?rest_route=\/wp\/v2\/posts"}],"about":[{"href":"https:\/\/encuentroinformativo.com.mx\/index.php?rest_route=\/wp\/v2\/types\/post"}],"author":[{"embeddable":true,"href":"https:\/\/encuentroinformativo.com.mx\/index.php?rest_route=\/wp\/v2\/users\/2476"}],"replies":[{"embeddable":true,"href":"https:\/\/encuentroinformativo.com.mx\/index.php?rest_route=%2Fwp%2Fv2%2Fcomments&post=50061"}],"version-history":[{"count":1,"href":"https:\/\/encuentroinformativo.com.mx\/index.php?rest_route=\/wp\/v2\/posts\/50061\/revisions"}],"predecessor-version":[{"id":50063,"href":"https:\/\/encuentroinformativo.com.mx\/index.php?rest_route=\/wp\/v2\/posts\/50061\/revisions\/50063"}],"wp:featuredmedia":[{"embeddable":true,"href":"https:\/\/encuentroinformativo.com.mx\/index.php?rest_route=\/wp\/v2\/media\/50062"}],"wp:attachment":[{"href":"https:\/\/encuentroinformativo.com.mx\/index.php?rest_route=%2Fwp%2Fv2%2Fmedia&parent=50061"}],"wp:term":[{"taxonomy":"category","embeddable":true,"href":"https:\/\/encuentroinformativo.com.mx\/index.php?rest_route=%2Fwp%2Fv2%2Fcategories&post=50061"},{"taxonomy":"post_tag","embeddable":true,"href":"https:\/\/encuentroinformativo.com.mx\/index.php?rest_route=%2Fwp%2Fv2%2Ftags&post=50061"}],"curies":[{"name":"wp","href":"https:\/\/api.w.org\/{rel}","templated":true}]}}