{"id":50076,"date":"2024-01-31T12:02:53","date_gmt":"2024-01-31T18:02:53","guid":{"rendered":"https:\/\/encuentroinformativo.com.mx\/?p=50076"},"modified":"2024-01-31T12:02:59","modified_gmt":"2024-01-31T18:02:59","slug":"tev-emitio-fallo-a-favor-celebra-sindica-de-coatzintla","status":"publish","type":"post","link":"https:\/\/encuentroinformativo.com.mx\/?p=50076","title":{"rendered":"TEV emiti\u00f3 fallo a favor, celebra s\u00edndica de Coatzintla"},"content":{"rendered":"\n<p><strong>Dar\u00edo Pale <\/strong><\/p>\n\n\n\n<p>Xalapa, Ver.- El pasado 22 de enero de 2024, el Tribunal Electoral de Veracruz (TEV) fall\u00f3 a su favor y determin\u00f3 que el alcalde C\u00e9sar Ulises Garc\u00eda V\u00e1squez, incurri\u00f3 en violencia pol\u00edtica en raz\u00f3n de g\u00e9nero en su contra, as\u00ed lo dio lo dio a conocer la sindica \u00fanica del ayuntamiento de Coatzintla, Eunice Garc\u00eda.<\/p>\n\n\n\n<p>En conferencia de prensa se\u00f1al\u00f3 que, el Alcalde no podr\u00e1 participar en ning\u00fan proceso electoral en los pr\u00f3ximos dos a\u00f1os, luego de ser inscrito en el padr\u00f3n de hombres violentadores de las autoridades electorales.<\/p>\n\n\n\n<p>La edil explic\u00f3 que sus inasistencias a los eventos p\u00fablicos como sesiones de Cabildo, entre otros, es porque ha sido v\u00edctima de violencia de g\u00e9nero.<\/p>\n\n\n\n<p>&#8220;Lo que me ha impedido cumplir con mis deberes de manera plena. El presidente municipal me ha bloqueado en mi participaci\u00f3n y minado la capacidad de ejercer mi cargo como sindica del Ayuntamiento&#8221;, se\u00f1al\u00f3.<\/p>\n\n\n\n<p>Record\u00f3 que en 2022 denunci\u00f3, entre otros, acoso sexual, sin embargo, en aquel momento su denuncia no prosper\u00f3 y como represalias el Alcalde comenz\u00f3 a privarla de su representaci\u00f3n legal del Ayuntamiento.<\/p>\n\n\n\n<p>Adem\u00e1s, comenz\u00f3 a reducir sus participaciones en asuntos municipales y no le permit\u00eda firmar documentos oficiales.<\/p>\n\n\n\n<p>Por ello decidi\u00f3 presentar una nueva denuncia, en esta ocasi\u00f3n por violencia pol\u00edtica en raz\u00f3n de g\u00e9nero, cuyo expediente es el TEV\/JDC\/133\/2023, adem\u00e1s del TEV\/JDC\/89\/2023 por acoso laboral, entre otros.<\/p>\n\n\n\n<p>Por \u00faltimo la S\u00edndica dijo que busca servir de ejemplo para que nadie m\u00e1s sufra de violencia pol\u00edtica en raz\u00f3n de g\u00e9nero y adem\u00e1s llam\u00f3 a todas aquellas que la padecen a que alcen la voz.<\/p>\n","protected":false},"excerpt":{"rendered":"<p>Dar\u00edo Pale Xalapa, Ver.- El pasado 22 de enero de 2024, el Tribunal Electoral de Veracruz (TEV) fall\u00f3 a su favor y determin\u00f3 que el alcalde C\u00e9sar Ulises Garc\u00eda V\u00e1squez, incurri\u00f3 en violencia pol\u00edtica en raz\u00f3n de g\u00e9nero en su contra, as\u00ed lo dio lo dio a conocer la sindica \u00fanica del ayuntamiento de Coatzintla, [&hellip;]<\/p>\n","protected":false},"author":2476,"featured_media":50077,"comment_status":"open","ping_status":"open","sticky":false,"template":"","format":"standard","meta":{"_jetpack_memberships_contains_paid_content":false,"footnotes":""},"categories":[2],"tags":[],"class_list":["post-50076","post","type-post","status-publish","format-standard","has-post-thumbnail","hentry","category-estado"],"jetpack_featured_media_url":"https:\/\/encuentroinformativo.com.mx\/wp-content\/uploads\/2024\/01\/IMG-20240131-WA0060.jpg","jetpack_sharing_enabled":true,"jetpack_likes_enabled":true,"amp_enabled":true,"_links":{"self":[{"href":"https:\/\/encuentroinformativo.com.mx\/index.php?rest_route=\/wp\/v2\/posts\/50076","targetHints":{"allow":["GET"]}}],"collection":[{"href":"https:\/\/encuentroinformativo.com.mx\/index.php?rest_route=\/wp\/v2\/posts"}],"about":[{"href":"https:\/\/encuentroinformativo.com.mx\/index.php?rest_route=\/wp\/v2\/types\/post"}],"author":[{"embeddable":true,"href":"https:\/\/encuentroinformativo.com.mx\/index.php?rest_route=\/wp\/v2\/users\/2476"}],"replies":[{"embeddable":true,"href":"https:\/\/encuentroinformativo.com.mx\/index.php?rest_route=%2Fwp%2Fv2%2Fcomments&post=50076"}],"version-history":[{"count":1,"href":"https:\/\/encuentroinformativo.com.mx\/index.php?rest_route=\/wp\/v2\/posts\/50076\/revisions"}],"predecessor-version":[{"id":50078,"href":"https:\/\/encuentroinformativo.com.mx\/index.php?rest_route=\/wp\/v2\/posts\/50076\/revisions\/50078"}],"wp:featuredmedia":[{"embeddable":true,"href":"https:\/\/encuentroinformativo.com.mx\/index.php?rest_route=\/wp\/v2\/media\/50077"}],"wp:attachment":[{"href":"https:\/\/encuentroinformativo.com.mx\/index.php?rest_route=%2Fwp%2Fv2%2Fmedia&parent=50076"}],"wp:term":[{"taxonomy":"category","embeddable":true,"href":"https:\/\/encuentroinformativo.com.mx\/index.php?rest_route=%2Fwp%2Fv2%2Fcategories&post=50076"},{"taxonomy":"post_tag","embeddable":true,"href":"https:\/\/encuentroinformativo.com.mx\/index.php?rest_route=%2Fwp%2Fv2%2Ftags&post=50076"}],"curies":[{"name":"wp","href":"https:\/\/api.w.org\/{rel}","templated":true}]}}