{"id":50079,"date":"2024-01-31T12:15:48","date_gmt":"2024-01-31T18:15:48","guid":{"rendered":"https:\/\/encuentroinformativo.com.mx\/?p=50079"},"modified":"2024-01-31T12:15:54","modified_gmt":"2024-01-31T18:15:54","slug":"ley-respalda-paro-de-brazos-caidos-afirma-sessev","status":"publish","type":"post","link":"https:\/\/encuentroinformativo.com.mx\/?p=50079","title":{"rendered":"Ley respalda paro de brazos ca\u00eddos, afirma SESSEV"},"content":{"rendered":"\n<p><strong>Dar\u00edo Pale <\/strong><\/p>\n\n\n\n<p>Xalapa, Ver.- El secretario general del Sindicato de Empleados al Servicio de la Secretar\u00eda de Educaci\u00f3n de Veracruz (SESSEV), David Hern\u00e1ndez Utrera dio a conocer que la Ley respalda a maestros que realizan paro de brazos ca\u00eddos en Veracruz.<\/p>\n\n\n\n<p>En conferencia de prensa se\u00f1al\u00f3 que las autoridades educativas no podr\u00e1n tomar medidas ni aplicar sanciones a los maestros que se unieron al paro de brazos ca\u00eddos realizado este mi\u00e9rcoles en algunas ciudades de Veracruz.<\/p>\n\n\n\n<p>Respald\u00f3 a quienes exigieron el pago correspondiente a la segunda quincena de enero, precis\u00f3 que el personal est\u00e1 amparado por la Ley del Servicio Civil, la cual establece que los trabajadores se podr\u00e1n separar de su cargo sin responsabilidad alguna en el supuesto de no haber recibido su pago de manera puntual.<\/p>\n\n\n\n<p>Expres\u00f3 este se\u00f1alamientos porque en su momento pudiese haber el posicionamiento de alg\u00fan funcionario &#8220;que se\u00f1ale que levantar\u00e1n procedimientos administrativos porque muchos de los docentes y compa\u00f1eros en general no se presentaron a su fuente de trabajo o si se presentaron est\u00e1n prestando el servicio de brazos ca\u00eddos&#8221;, se\u00f1al\u00f3.<\/p>\n\n\n\n<p>Finalmente, el secretario general del SESSEV hizo un llamado al gobernador Cuitl\u00e1huac Garc\u00eda Jim\u00e9nez &#8220;para que tome las acciones necesarias para con el servidor p\u00fablico responsable y que esta situaci\u00f3n no se vuelva a repetir de ninguna manera en contra de las compa\u00f1eras y compa\u00f1eros de todo el magisterio veracruzano&#8221;.<\/p>\n","protected":false},"excerpt":{"rendered":"<p>Dar\u00edo Pale Xalapa, Ver.- El secretario general del Sindicato de Empleados al Servicio de la Secretar\u00eda de Educaci\u00f3n de Veracruz (SESSEV), David Hern\u00e1ndez Utrera dio a conocer que la Ley respalda a maestros que realizan paro de brazos ca\u00eddos en Veracruz. En conferencia de prensa se\u00f1al\u00f3 que las autoridades educativas no podr\u00e1n tomar medidas ni [&hellip;]<\/p>\n","protected":false},"author":2476,"featured_media":50080,"comment_status":"open","ping_status":"open","sticky":false,"template":"","format":"standard","meta":{"_jetpack_memberships_contains_paid_content":false,"footnotes":""},"categories":[3],"tags":[],"class_list":["post-50079","post","type-post","status-publish","format-standard","has-post-thumbnail","hentry","category-xalapa"],"jetpack_featured_media_url":"https:\/\/encuentroinformativo.com.mx\/wp-content\/uploads\/2024\/01\/IMG-20240131-WA0091.jpg","jetpack_sharing_enabled":true,"jetpack_likes_enabled":true,"amp_enabled":true,"_links":{"self":[{"href":"https:\/\/encuentroinformativo.com.mx\/index.php?rest_route=\/wp\/v2\/posts\/50079","targetHints":{"allow":["GET"]}}],"collection":[{"href":"https:\/\/encuentroinformativo.com.mx\/index.php?rest_route=\/wp\/v2\/posts"}],"about":[{"href":"https:\/\/encuentroinformativo.com.mx\/index.php?rest_route=\/wp\/v2\/types\/post"}],"author":[{"embeddable":true,"href":"https:\/\/encuentroinformativo.com.mx\/index.php?rest_route=\/wp\/v2\/users\/2476"}],"replies":[{"embeddable":true,"href":"https:\/\/encuentroinformativo.com.mx\/index.php?rest_route=%2Fwp%2Fv2%2Fcomments&post=50079"}],"version-history":[{"count":1,"href":"https:\/\/encuentroinformativo.com.mx\/index.php?rest_route=\/wp\/v2\/posts\/50079\/revisions"}],"predecessor-version":[{"id":50081,"href":"https:\/\/encuentroinformativo.com.mx\/index.php?rest_route=\/wp\/v2\/posts\/50079\/revisions\/50081"}],"wp:featuredmedia":[{"embeddable":true,"href":"https:\/\/encuentroinformativo.com.mx\/index.php?rest_route=\/wp\/v2\/media\/50080"}],"wp:attachment":[{"href":"https:\/\/encuentroinformativo.com.mx\/index.php?rest_route=%2Fwp%2Fv2%2Fmedia&parent=50079"}],"wp:term":[{"taxonomy":"category","embeddable":true,"href":"https:\/\/encuentroinformativo.com.mx\/index.php?rest_route=%2Fwp%2Fv2%2Fcategories&post=50079"},{"taxonomy":"post_tag","embeddable":true,"href":"https:\/\/encuentroinformativo.com.mx\/index.php?rest_route=%2Fwp%2Fv2%2Ftags&post=50079"}],"curies":[{"name":"wp","href":"https:\/\/api.w.org\/{rel}","templated":true}]}}