{"id":50085,"date":"2024-01-31T10:55:22","date_gmt":"2024-01-31T16:55:22","guid":{"rendered":"https:\/\/encuentroinformativo.com.mx\/?p=50085"},"modified":"2024-01-31T14:56:29","modified_gmt":"2024-01-31T20:56:29","slug":"transportistas-siempre-han-tenido-que-solicitar-permiso-por-carga-pesada-alcaldesa-de-veracruz","status":"publish","type":"post","link":"https:\/\/encuentroinformativo.com.mx\/?p=50085","title":{"rendered":"Transportistas siempre han tenido que solicitar permiso por carga pesada: Alcaldesa de Veracruz"},"content":{"rendered":"\n<p><strong>Alejandro \u00c1vila<\/strong><\/p>\n\n\n\n<p>Veracruz, Ver.- El permiso para transportar carga pesada en el municipio de Veracruz ha existido desde hace muchos a\u00f1os, aclar\u00f3 la alcaldesa, Patricia Lobeira Rodr\u00edguez.<\/p>\n\n\n\n<p>Esta medida implementada varias administraciones atr\u00e1s, se debi\u00f3 al alto n\u00famero de accidentes entre trailers y autom\u00f3viles, que se suscitaban en horas pico en las principales vialidades de la ciudad de Veracruz.<\/p>\n\n\n\n<p>&#8220;Son camiones de carga pesada, por lo tanto necesitan permisos y horarios en los cuales puedan circular ellos por la ciudad. Si ellos llegan a entrar sin ning\u00fan permiso representa un caos vial y adem\u00e1s, un peligro a todas las gentes que transitan en nuestras vialidades, es por eso que se hace ordenadamente, y esto se requiere a todas las personas que se encuentran en esta situaci\u00f3n de tr\u00e1nsito, todo lo que sea carga pesada debe de tener horarios, pero sobre todo tambi\u00e9n permisos para transitar&#8221;, subray\u00f3.<\/p>\n\n\n\n<p>La presidenta municipal asegur\u00f3 que los sindicatos transportistas est\u00e1n en todo su derecho de manifestarse; sin embargo&nbsp; aclar\u00f3 que cada ciudad o Ayuntamiento tiene sus propias reglas, y en este caso, Veracruz cuenta desde hace muchos a\u00f1os con este permiso para poder transitar en ciertas horas del d\u00eda con carga pesada por el municipio.<\/p>\n","protected":false},"excerpt":{"rendered":"<p>Alejandro \u00c1vila Veracruz, Ver.- El permiso para transportar carga pesada en el municipio de Veracruz ha existido desde hace muchos a\u00f1os, aclar\u00f3 la alcaldesa, Patricia Lobeira Rodr\u00edguez. Esta medida implementada varias administraciones atr\u00e1s, se debi\u00f3 al alto n\u00famero de accidentes entre trailers y autom\u00f3viles, que se suscitaban en horas pico en las principales vialidades de [&hellip;]<\/p>\n","protected":false},"author":2476,"featured_media":50086,"comment_status":"open","ping_status":"open","sticky":false,"template":"","format":"standard","meta":{"_jetpack_memberships_contains_paid_content":false,"footnotes":""},"categories":[2],"tags":[],"class_list":["post-50085","post","type-post","status-publish","format-standard","has-post-thumbnail","hentry","category-estado"],"jetpack_featured_media_url":"https:\/\/encuentroinformativo.com.mx\/wp-content\/uploads\/2024\/01\/IMG-20240131-WA0129.jpg","jetpack_sharing_enabled":true,"jetpack_likes_enabled":true,"amp_enabled":true,"_links":{"self":[{"href":"https:\/\/encuentroinformativo.com.mx\/index.php?rest_route=\/wp\/v2\/posts\/50085","targetHints":{"allow":["GET"]}}],"collection":[{"href":"https:\/\/encuentroinformativo.com.mx\/index.php?rest_route=\/wp\/v2\/posts"}],"about":[{"href":"https:\/\/encuentroinformativo.com.mx\/index.php?rest_route=\/wp\/v2\/types\/post"}],"author":[{"embeddable":true,"href":"https:\/\/encuentroinformativo.com.mx\/index.php?rest_route=\/wp\/v2\/users\/2476"}],"replies":[{"embeddable":true,"href":"https:\/\/encuentroinformativo.com.mx\/index.php?rest_route=%2Fwp%2Fv2%2Fcomments&post=50085"}],"version-history":[{"count":1,"href":"https:\/\/encuentroinformativo.com.mx\/index.php?rest_route=\/wp\/v2\/posts\/50085\/revisions"}],"predecessor-version":[{"id":50087,"href":"https:\/\/encuentroinformativo.com.mx\/index.php?rest_route=\/wp\/v2\/posts\/50085\/revisions\/50087"}],"wp:featuredmedia":[{"embeddable":true,"href":"https:\/\/encuentroinformativo.com.mx\/index.php?rest_route=\/wp\/v2\/media\/50086"}],"wp:attachment":[{"href":"https:\/\/encuentroinformativo.com.mx\/index.php?rest_route=%2Fwp%2Fv2%2Fmedia&parent=50085"}],"wp:term":[{"taxonomy":"category","embeddable":true,"href":"https:\/\/encuentroinformativo.com.mx\/index.php?rest_route=%2Fwp%2Fv2%2Fcategories&post=50085"},{"taxonomy":"post_tag","embeddable":true,"href":"https:\/\/encuentroinformativo.com.mx\/index.php?rest_route=%2Fwp%2Fv2%2Ftags&post=50085"}],"curies":[{"name":"wp","href":"https:\/\/api.w.org\/{rel}","templated":true}]}}