{"id":5009,"date":"2020-08-17T15:51:55","date_gmt":"2020-08-17T20:51:55","guid":{"rendered":"https:\/\/encuentroinformativo.com\/?p=5009"},"modified":"2020-08-17T15:51:58","modified_gmt":"2020-08-17T20:51:58","slug":"presentaran-controversia-por-suplencia-en-alcaldia-de-actopan","status":"publish","type":"post","link":"https:\/\/encuentroinformativo.com.mx\/?p=5009","title":{"rendered":"Presentar\u00e1n controversia por suplencia en alcald\u00eda de Actopan"},"content":{"rendered":"\n<p><strong>Juan Arcos <\/strong><\/p>\n\n\n\n<p>Xalapa, Ver.- El Partido Acci\u00f3n Nacional (PAN) promover\u00e1 una controversia constitucional por el caso de Actopan, donde ha sido negada la designaci\u00f3n de Jos\u00e9 Alfredo L\u00f3pez Carreto como alcalde por parte del Congreso de Veracruz.<\/p>\n\n\n\n<p>Eduardo de la Torre Jaramillo, representante legal de L\u00f3pez Carreto, explic\u00f3 que se busca proceder legalmente por un \u201cdoble desacato\u201d cometido para evitar el nombramiento correspondiente.<\/p>\n\n\n\n<p>\u201cEn este caso nuestra impugnaci\u00f3n ser\u00eda por un doble desacato al Tribunal Electoral de Veracruz y a la Sala Regional del Tribunal Electoral del Poder Judicial de la Federaci\u00f3n\u201d.<\/p>\n\n\n\n<p>Se acusa al presidente de la Junta de Coordinaci\u00f3n Pol\u00edtica del Congreso local, Juan Javier G\u00f3mez Cazar\u00edn; al presidente de la Mesa Directiva, Rub\u00e9n R\u00edos Uribe; y al secretario del Congreso, Domingo Bahena Corbal\u00e1, de dicho desacato.<\/p>\n\n\n\n<p>El abogado record\u00f3 que en el estado de Baja California Sur se present\u00f3 una situaci\u00f3n similar y la Suprema Corte de Justicia de la Naci\u00f3n (SCJN) sustituy\u00f3 a la diputada presidenta de la Junta de Coordinaci\u00f3n Pol\u00edtica y al diputado presiente de la Mesa Directiva de ese Congreso local.<\/p>\n\n\n\n<p>Cabe recordar que el pasado 4 de marzo, en la Gaceta Oficial del Estado de Veracruz fue publicado el Decreto n\u00famero 554, donde se revoc\u00f3 el mandato a Jos\u00e9 Paulino Dom\u00ednguez S\u00e1nchez, alcalde Actopan, y Lucero Jazm\u00edn Palmeros Barradas, la s\u00edndica.<\/p>\n\n\n\n<p>Ambos funcionarios panistas fueron se\u00f1alados de presuntos actos de corrupci\u00f3n en la administraci\u00f3n municipal. Por ello, los diputados del Movimiento de Regeneraci\u00f3n Nacional (Morena) avalaron su desafuero.<\/p>\n\n\n\n<p>De la Torre Jaramillo indic\u00f3 que tambi\u00e9n se tramitar\u00e1 un amparo para L\u00f3pez Carreto, toda vez que fue nombrado Eduardo Carranza como alcalde de Actopan, a quien acusan tambi\u00e9n de usurpaci\u00f3n de funciones.<\/p>\n\n\n\n<p><\/p>\n","protected":false},"excerpt":{"rendered":"<p>Juan Arcos Xalapa, Ver.- El Partido Acci\u00f3n Nacional (PAN) promover\u00e1 una controversia constitucional por el caso de Actopan, donde ha sido negada la designaci\u00f3n de Jos\u00e9 Alfredo L\u00f3pez Carreto como alcalde por parte del Congreso de Veracruz. Eduardo de la Torre Jaramillo, representante legal de L\u00f3pez Carreto, explic\u00f3 que se busca proceder legalmente por un [&hellip;]<\/p>\n","protected":false},"author":1,"featured_media":5010,"comment_status":"open","ping_status":"open","sticky":false,"template":"","format":"standard","meta":{"_jetpack_memberships_contains_paid_content":false,"footnotes":""},"categories":[8],"tags":[],"class_list":["post-5009","post","type-post","status-publish","format-standard","has-post-thumbnail","hentry","category-region"],"jetpack_featured_media_url":"https:\/\/encuentroinformativo.com.mx\/wp-content\/uploads\/2020\/08\/2AD7F97C-5896-42E2-8048-D21F1481D63F.jpeg","jetpack_sharing_enabled":true,"jetpack_likes_enabled":true,"amp_enabled":true,"_links":{"self":[{"href":"https:\/\/encuentroinformativo.com.mx\/index.php?rest_route=\/wp\/v2\/posts\/5009","targetHints":{"allow":["GET"]}}],"collection":[{"href":"https:\/\/encuentroinformativo.com.mx\/index.php?rest_route=\/wp\/v2\/posts"}],"about":[{"href":"https:\/\/encuentroinformativo.com.mx\/index.php?rest_route=\/wp\/v2\/types\/post"}],"author":[{"embeddable":true,"href":"https:\/\/encuentroinformativo.com.mx\/index.php?rest_route=\/wp\/v2\/users\/1"}],"replies":[{"embeddable":true,"href":"https:\/\/encuentroinformativo.com.mx\/index.php?rest_route=%2Fwp%2Fv2%2Fcomments&post=5009"}],"version-history":[{"count":1,"href":"https:\/\/encuentroinformativo.com.mx\/index.php?rest_route=\/wp\/v2\/posts\/5009\/revisions"}],"predecessor-version":[{"id":5011,"href":"https:\/\/encuentroinformativo.com.mx\/index.php?rest_route=\/wp\/v2\/posts\/5009\/revisions\/5011"}],"wp:featuredmedia":[{"embeddable":true,"href":"https:\/\/encuentroinformativo.com.mx\/index.php?rest_route=\/wp\/v2\/media\/5010"}],"wp:attachment":[{"href":"https:\/\/encuentroinformativo.com.mx\/index.php?rest_route=%2Fwp%2Fv2%2Fmedia&parent=5009"}],"wp:term":[{"taxonomy":"category","embeddable":true,"href":"https:\/\/encuentroinformativo.com.mx\/index.php?rest_route=%2Fwp%2Fv2%2Fcategories&post=5009"},{"taxonomy":"post_tag","embeddable":true,"href":"https:\/\/encuentroinformativo.com.mx\/index.php?rest_route=%2Fwp%2Fv2%2Ftags&post=5009"}],"curies":[{"name":"wp","href":"https:\/\/api.w.org\/{rel}","templated":true}]}}