{"id":50097,"date":"2024-02-01T09:22:37","date_gmt":"2024-02-01T15:22:37","guid":{"rendered":"https:\/\/encuentroinformativo.com.mx\/?p=50097"},"modified":"2024-02-01T09:22:42","modified_gmt":"2024-02-01T15:22:42","slug":"anuncia-alcalde-jm-unanue-la-rehabilitacion-de-la-avenida-15-en-la-carranza","status":"publish","type":"post","link":"https:\/\/encuentroinformativo.com.mx\/?p=50097","title":{"rendered":"Anuncia Alcalde JM Un\u00e1nue la rehabilitaci\u00f3n de la avenida 15 en la Carranza"},"content":{"rendered":"\n<p><strong>*<em>Dicha obra abarcar\u00e1 m\u00e1s de 8 mil metros cuadrados de construcci\u00f3n, misma que ser\u00e1 incluida en el Plan de Obras 2024<\/em>.<\/strong><\/p>\n\n\n\n<p>Boca del R\u00edo, Ver.- El alcalde de Boca del R\u00edo, Juan Manuel Un\u00e1nue Abascal, dio a conocer que la avenida 15 de la colonia Carranza Segunda Secci\u00f3n ser\u00e1 intervenida a petici\u00f3n de la ciudadan\u00eda, la cual ser\u00e1 incluida en el Plan de Obras 2024 para su rehabilitaci\u00f3n.<\/p>\n\n\n\n<p>En su recorrido intercambi\u00f3 puntos de vista con los vecinos de la zona, quienes se mostraron contentos con la visita, pero sobre todo con la noticia de que esta obra ser\u00e1 una realidad y a la par mejorar\u00e1 la calidad de vida de los colonos.<\/p>\n\n\n\n<p>\u201cDesde el Dren B hasta la calle 8, reconstruiremos m\u00e1s de 8 mil metros cuadrados que beneficiar\u00e1 la calidad de vida de cientos de familias, adem\u00e1s de mejorar la vialidad para todos los que por ah\u00ed transitan diariamente\u201d, destac\u00f3 la primera autoridad boque\u00f1a.<\/p>\n\n\n\n<p>Por otra parte, Un\u00e1nue Abascal record\u00f3 que hay un avance significativo en la obra de rehabilitaci\u00f3n de la segunda y tercera etapa de la avenida Juan Pablo II, la cual incluye pavimento hidr\u00e1ulico y otras obras nuevas de infraestructura y que quedar\u00e1 concluida en su totalidad este a\u00f1o.<\/p>\n\n\n\n<p>En tanto, en la colonia Primero de Mayo Sur se rehabilita el drenaje, la red de agua potable y el pavimento hidr\u00e1ulico en la calle Heriberto Jara, adem\u00e1s de guarniciones y banquetas.<\/p>\n\n\n\n<p>Mientras que los habitantes de la Cabecera Municipal en poco tiempo podr\u00e1n gozar de la avenida Independencia, renovada y rehabilitada, la cual contar\u00e1 con concreto hidr\u00e1ulico, banquetas y guarniciones nuevas, adem\u00e1s de la rehabilitaci\u00f3n completa del servicio de drenaje sanitario y pluvial, sum\u00e1ndose la red de agua potable en la colonia R\u00edo Jamapa.<\/p>\n\n\n\n<p>Finalmente, el presidente municipal de Boca del R\u00edo, Juan Manuel Un\u00e1nue Abascal, enfatiz\u00f3 que en este primer mes del a\u00f1o se ha logrado bachear un gran n\u00famero de calles y avenidas en toda la ciudad, gracias al trabajo de las cuadrillas que atienden todos los reportes, como por ejemplo en el Estatuto Jur\u00eddico, Calle L\u00e1zaro C\u00e1rdenas y Costa Verde entre otros puntos.<\/p>\n","protected":false},"excerpt":{"rendered":"<p>*Dicha obra abarcar\u00e1 m\u00e1s de 8 mil metros cuadrados de construcci\u00f3n, misma que ser\u00e1 incluida en el Plan de Obras 2024. Boca del R\u00edo, Ver.- El alcalde de Boca del R\u00edo, Juan Manuel Un\u00e1nue Abascal, dio a conocer que la avenida 15 de la colonia Carranza Segunda Secci\u00f3n ser\u00e1 intervenida a petici\u00f3n de la ciudadan\u00eda, [&hellip;]<\/p>\n","protected":false},"author":2476,"featured_media":50098,"comment_status":"open","ping_status":"open","sticky":false,"template":"","format":"standard","meta":{"_jetpack_memberships_contains_paid_content":false,"footnotes":""},"categories":[2],"tags":[],"class_list":["post-50097","post","type-post","status-publish","format-standard","has-post-thumbnail","hentry","category-estado"],"jetpack_featured_media_url":"https:\/\/encuentroinformativo.com.mx\/wp-content\/uploads\/2024\/02\/Screenshot_20240201-092031.png","jetpack_sharing_enabled":true,"jetpack_likes_enabled":true,"amp_enabled":true,"_links":{"self":[{"href":"https:\/\/encuentroinformativo.com.mx\/index.php?rest_route=\/wp\/v2\/posts\/50097","targetHints":{"allow":["GET"]}}],"collection":[{"href":"https:\/\/encuentroinformativo.com.mx\/index.php?rest_route=\/wp\/v2\/posts"}],"about":[{"href":"https:\/\/encuentroinformativo.com.mx\/index.php?rest_route=\/wp\/v2\/types\/post"}],"author":[{"embeddable":true,"href":"https:\/\/encuentroinformativo.com.mx\/index.php?rest_route=\/wp\/v2\/users\/2476"}],"replies":[{"embeddable":true,"href":"https:\/\/encuentroinformativo.com.mx\/index.php?rest_route=%2Fwp%2Fv2%2Fcomments&post=50097"}],"version-history":[{"count":1,"href":"https:\/\/encuentroinformativo.com.mx\/index.php?rest_route=\/wp\/v2\/posts\/50097\/revisions"}],"predecessor-version":[{"id":50099,"href":"https:\/\/encuentroinformativo.com.mx\/index.php?rest_route=\/wp\/v2\/posts\/50097\/revisions\/50099"}],"wp:featuredmedia":[{"embeddable":true,"href":"https:\/\/encuentroinformativo.com.mx\/index.php?rest_route=\/wp\/v2\/media\/50098"}],"wp:attachment":[{"href":"https:\/\/encuentroinformativo.com.mx\/index.php?rest_route=%2Fwp%2Fv2%2Fmedia&parent=50097"}],"wp:term":[{"taxonomy":"category","embeddable":true,"href":"https:\/\/encuentroinformativo.com.mx\/index.php?rest_route=%2Fwp%2Fv2%2Fcategories&post=50097"},{"taxonomy":"post_tag","embeddable":true,"href":"https:\/\/encuentroinformativo.com.mx\/index.php?rest_route=%2Fwp%2Fv2%2Ftags&post=50097"}],"curies":[{"name":"wp","href":"https:\/\/api.w.org\/{rel}","templated":true}]}}