{"id":50103,"date":"2024-02-01T12:51:04","date_gmt":"2024-02-01T18:51:04","guid":{"rendered":"https:\/\/encuentroinformativo.com.mx\/?p=50103"},"modified":"2024-02-01T12:51:11","modified_gmt":"2024-02-01T18:51:11","slug":"se-quejan-maestros-no-les-permiten-concursar-por-una-plaza-de-telesecundaria","status":"publish","type":"post","link":"https:\/\/encuentroinformativo.com.mx\/?p=50103","title":{"rendered":"Se quejan maestros no les permiten concursar por una plaza de telesecundaria"},"content":{"rendered":"\n<p><strong>Dar\u00edo Pale <\/strong><\/p>\n\n\n\n<p>Xalapa, Ver.- Protestan en las oficinas de la Secretar\u00eda de Educaci\u00f3n de Veracruz (SEV), los profesionistas egresados de la carrera de Ciencias de la Educaci\u00f3n, porque los eliminaron del proceso de admisi\u00f3n para poder aspirar a una plaza del subsistema de Telesecundaria.<\/p>\n\n\n\n<p>Entrevistada durante la manifestaci\u00f3n Mar\u00eda Francisca Ileana Camacho Lara se\u00f1al\u00f3 que, &#8220;en la convocatoria del proceso de admisi\u00f3n 2024-2025, a todos los licenciados en Ciencias de la Educaci\u00f3n nos quitaron para poder participar en el nivel de Telesecundaria&#8221;.<\/p>\n\n\n\n<p>&#8220;Lo que pedimos y exigimos es que La Unidad del Sistema para la Carrera de las Maestras y Maestros (Usicamm) nos reintegre para participar en ese nivel&#8221;, se\u00f1al\u00f3.<\/p>\n\n\n\n<p>Expuso que lo que quieren es la oportunidad para poder participar en el concurso de una plaza.<\/p>\n\n\n\n<p>Finalmente dijo que no quieren que les regalen la plaza, sino la oportunidad, como cada ciclo escolar, para poder participar por una plaza en dicho subsistema educativo, ya que se est\u00e1n viendo perjudicados todos aquellos con esa profesi\u00f3n en todo el Estado.<\/p>\n","protected":false},"excerpt":{"rendered":"<p>Dar\u00edo Pale Xalapa, Ver.- Protestan en las oficinas de la Secretar\u00eda de Educaci\u00f3n de Veracruz (SEV), los profesionistas egresados de la carrera de Ciencias de la Educaci\u00f3n, porque los eliminaron del proceso de admisi\u00f3n para poder aspirar a una plaza del subsistema de Telesecundaria. Entrevistada durante la manifestaci\u00f3n Mar\u00eda Francisca Ileana Camacho Lara se\u00f1al\u00f3 que, [&hellip;]<\/p>\n","protected":false},"author":2476,"featured_media":22143,"comment_status":"open","ping_status":"open","sticky":false,"template":"","format":"standard","meta":{"_jetpack_memberships_contains_paid_content":false,"footnotes":""},"categories":[3],"tags":[],"class_list":["post-50103","post","type-post","status-publish","format-standard","has-post-thumbnail","hentry","category-xalapa"],"jetpack_featured_media_url":"https:\/\/encuentroinformativo.com.mx\/wp-content\/uploads\/2022\/01\/AD7E54C3-2A80-43F4-9E28-CDFFE89B2046.jpeg","jetpack_sharing_enabled":true,"jetpack_likes_enabled":true,"amp_enabled":true,"_links":{"self":[{"href":"https:\/\/encuentroinformativo.com.mx\/index.php?rest_route=\/wp\/v2\/posts\/50103","targetHints":{"allow":["GET"]}}],"collection":[{"href":"https:\/\/encuentroinformativo.com.mx\/index.php?rest_route=\/wp\/v2\/posts"}],"about":[{"href":"https:\/\/encuentroinformativo.com.mx\/index.php?rest_route=\/wp\/v2\/types\/post"}],"author":[{"embeddable":true,"href":"https:\/\/encuentroinformativo.com.mx\/index.php?rest_route=\/wp\/v2\/users\/2476"}],"replies":[{"embeddable":true,"href":"https:\/\/encuentroinformativo.com.mx\/index.php?rest_route=%2Fwp%2Fv2%2Fcomments&post=50103"}],"version-history":[{"count":1,"href":"https:\/\/encuentroinformativo.com.mx\/index.php?rest_route=\/wp\/v2\/posts\/50103\/revisions"}],"predecessor-version":[{"id":50104,"href":"https:\/\/encuentroinformativo.com.mx\/index.php?rest_route=\/wp\/v2\/posts\/50103\/revisions\/50104"}],"wp:featuredmedia":[{"embeddable":true,"href":"https:\/\/encuentroinformativo.com.mx\/index.php?rest_route=\/wp\/v2\/media\/22143"}],"wp:attachment":[{"href":"https:\/\/encuentroinformativo.com.mx\/index.php?rest_route=%2Fwp%2Fv2%2Fmedia&parent=50103"}],"wp:term":[{"taxonomy":"category","embeddable":true,"href":"https:\/\/encuentroinformativo.com.mx\/index.php?rest_route=%2Fwp%2Fv2%2Fcategories&post=50103"},{"taxonomy":"post_tag","embeddable":true,"href":"https:\/\/encuentroinformativo.com.mx\/index.php?rest_route=%2Fwp%2Fv2%2Ftags&post=50103"}],"curies":[{"name":"wp","href":"https:\/\/api.w.org\/{rel}","templated":true}]}}