{"id":50107,"date":"2024-02-01T13:37:01","date_gmt":"2024-02-01T19:37:01","guid":{"rendered":"https:\/\/encuentroinformativo.com.mx\/?p=50107"},"modified":"2024-02-01T13:37:06","modified_gmt":"2024-02-01T19:37:06","slug":"protestan-trabajadores-de-sefiplan-les-quitan-vacaciones-acusan","status":"publish","type":"post","link":"https:\/\/encuentroinformativo.com.mx\/?p=50107","title":{"rendered":"Protestan trabajadores de SEFIPLAN; les quitan vacaciones, acusan"},"content":{"rendered":"\n<p><strong>Dar\u00edo Pale <\/strong><\/p>\n\n\n\n<p>Xalapa, Ver.- Protestan trabajadores de SEFIPLAN por quitarles vacaciones, ademas le gritan vendido y corrupto a l\u00edder sindical Jos\u00e9 Mayolo Garc\u00eda P\u00e9rez, durante la manifestaci\u00f3n al interior de la dependencia.<\/p>\n\n\n\n<p>Trabajadores sindicalizados de la Secretar\u00eda de Finanzas y Planeaci\u00f3n (Sefiplan), protestan porque les informaron que fueron suspendidas y canceladas las vacaciones, a las cuales por Ley tienen derecho, ya que algunos trabajadores que tuvieron que laborar de manera normal durante el mes de diciembre.<\/p>\n\n\n\n<p>Para su sorpresa aquellos que trabajaron de manera normal en diciembre y ahora que quisieron tramitar el periodo vacacional, les dijeron que en todo lo que resta del a\u00f1o no habr\u00e1 descansado para nadie.<\/p>\n\n\n\n<p>Les dijeron que existe una circular firmada por el \u00e1rea de Recursos Humanos de la Sefiplan, en la cual les refieren que no habr\u00e1 vacaciones, ni derecho a solicitar d\u00edas a cuenta de vacaciones y menos si se hace en lunes o viernes, o pegado a un d\u00eda de puente o feriado.<\/p>\n\n\n\n<p>Ello gener\u00f3 gran inconformidad, ya que muchos trabajadores estaban por iniciar sus periodos vacacionales y nunca se les inform\u00f3 sobre la medida tomada en acuerdo con el Sindicato del Poder Ejecutivo.<\/p>\n\n\n\n<p>Los trabajadores refirieron que por Ley tienen derecho a dos periodos vacacionales al a\u00f1o de acuerdo a los Contratos Colectivos de Trabajo con los diversos sindicatos que existen.<\/p>\n\n\n\n<p>Asimismo, tienen la garant\u00eda de solicitar d\u00edas a cuenta de vacaciones, en caso de requerirlos por alguna emergencia o simplemente por as\u00ed requerirlos, por lo que la Sefiplan viola sus derechos laborales.<\/p>\n\n\n\n<p>Al grito de &#8220;\u00a1vendido, vendido, corrupto, cu\u00e1nto te dieron Mayolo&#8221;, los trabajadores fueron persiguiendo por el lobby a Jos\u00e9 Mayolo Garc\u00eda P\u00e9rez, secretario del sindicato mayoritario al servicio del Poder Ejecutivo.<\/p>\n\n\n\n<p>Finalmente le exigieron que rompiera el acuerdo tomado con la dependencia y que les diera una explicaci\u00f3n de por qu\u00e9 tom\u00f3 decisiones sin consultar a la base, no son antes exigir tambi\u00e9 su destituci\u00f3n.<\/p>\n","protected":false},"excerpt":{"rendered":"<p>Dar\u00edo Pale Xalapa, Ver.- Protestan trabajadores de SEFIPLAN por quitarles vacaciones, ademas le gritan vendido y corrupto a l\u00edder sindical Jos\u00e9 Mayolo Garc\u00eda P\u00e9rez, durante la manifestaci\u00f3n al interior de la dependencia. Trabajadores sindicalizados de la Secretar\u00eda de Finanzas y Planeaci\u00f3n (Sefiplan), protestan porque les informaron que fueron suspendidas y canceladas las vacaciones, a las [&hellip;]<\/p>\n","protected":false},"author":2476,"featured_media":50108,"comment_status":"open","ping_status":"open","sticky":false,"template":"","format":"standard","meta":{"_jetpack_memberships_contains_paid_content":false,"footnotes":""},"categories":[2],"tags":[],"class_list":["post-50107","post","type-post","status-publish","format-standard","has-post-thumbnail","hentry","category-estado"],"jetpack_featured_media_url":"https:\/\/encuentroinformativo.com.mx\/wp-content\/uploads\/2024\/02\/IMG-20240201-WA0022.jpg","jetpack_sharing_enabled":true,"jetpack_likes_enabled":true,"amp_enabled":true,"_links":{"self":[{"href":"https:\/\/encuentroinformativo.com.mx\/index.php?rest_route=\/wp\/v2\/posts\/50107","targetHints":{"allow":["GET"]}}],"collection":[{"href":"https:\/\/encuentroinformativo.com.mx\/index.php?rest_route=\/wp\/v2\/posts"}],"about":[{"href":"https:\/\/encuentroinformativo.com.mx\/index.php?rest_route=\/wp\/v2\/types\/post"}],"author":[{"embeddable":true,"href":"https:\/\/encuentroinformativo.com.mx\/index.php?rest_route=\/wp\/v2\/users\/2476"}],"replies":[{"embeddable":true,"href":"https:\/\/encuentroinformativo.com.mx\/index.php?rest_route=%2Fwp%2Fv2%2Fcomments&post=50107"}],"version-history":[{"count":1,"href":"https:\/\/encuentroinformativo.com.mx\/index.php?rest_route=\/wp\/v2\/posts\/50107\/revisions"}],"predecessor-version":[{"id":50109,"href":"https:\/\/encuentroinformativo.com.mx\/index.php?rest_route=\/wp\/v2\/posts\/50107\/revisions\/50109"}],"wp:featuredmedia":[{"embeddable":true,"href":"https:\/\/encuentroinformativo.com.mx\/index.php?rest_route=\/wp\/v2\/media\/50108"}],"wp:attachment":[{"href":"https:\/\/encuentroinformativo.com.mx\/index.php?rest_route=%2Fwp%2Fv2%2Fmedia&parent=50107"}],"wp:term":[{"taxonomy":"category","embeddable":true,"href":"https:\/\/encuentroinformativo.com.mx\/index.php?rest_route=%2Fwp%2Fv2%2Fcategories&post=50107"},{"taxonomy":"post_tag","embeddable":true,"href":"https:\/\/encuentroinformativo.com.mx\/index.php?rest_route=%2Fwp%2Fv2%2Ftags&post=50107"}],"curies":[{"name":"wp","href":"https:\/\/api.w.org\/{rel}","templated":true}]}}