{"id":50110,"date":"2024-02-01T14:04:58","date_gmt":"2024-02-01T20:04:58","guid":{"rendered":"https:\/\/encuentroinformativo.com.mx\/?p=50110"},"modified":"2024-02-01T14:05:02","modified_gmt":"2024-02-01T20:05:02","slug":"tras-vandalismo-otorgan-medidas-de-proteccion-a-alcaldesa-de-villa-aldama","status":"publish","type":"post","link":"https:\/\/encuentroinformativo.com.mx\/?p=50110","title":{"rendered":"Tras vandalismo, otorgan medidas de protecci\u00f3n a Alcaldesa de Villa Aldama"},"content":{"rendered":"\n<p><strong>Juan Arcos <\/strong><\/p>\n\n\n\n<p>Xalapa, Ver.- Un grupo de ciudadanos protest\u00f3 y vandaliz\u00f3 el Palacio Municipal de Villa Aldama para exigir la destituci\u00f3n de la alcaldesa Guadalupe Romero S\u00e1nchez, a quien responsabilizaron de diversas irregularidades en la administraci\u00f3n.<\/p>\n\n\n\n<p>Los hechos ocurrieron la noche del mi\u00e9rcoles 31 de enero, luego de varias horas de manifestaci\u00f3n, donde la gente enardecida incendi\u00f3 objetos afuera del inmueble y tambi\u00e9n destroz\u00f3 los vidrios de ventanas y puertas.<\/p>\n\n\n\n<p>La gente acus\u00f3 a la Alcaldesa de no realizar obras de infraestructura urbana y dejar inconclusos algunos de estos trabajos, por lo que pidi\u00f3 la intervenci\u00f3n del Congreso del Estado de Veracruz y del gobierno estatal.<\/p>\n\n\n\n<p>Personal de Pol\u00edtica Regional sugiri\u00f3 a los quejosos realizar una reuni\u00f3n con representantes del \u00d3rgano de Fiscalizaci\u00f3n Superior (Orfis) para que se revisara el ejercicio de los recursos p\u00fablicos.<\/p>\n\n\n\n<p>El ayuntamiento de Villa Aldama indic\u00f3 mediante un comunicado que la protesta inici\u00f3 alrededor de las 15:45 horas por parte de un grupo de mujeres, hombres y hasta menores de edad.<\/p>\n\n\n\n<p>Sin embargo, la autoridad se\u00f1al\u00f3 al diputado local morenista por el distrito de Perote, Paul Mart\u00ednez Marie, de haber enviado a un \u201cgrupo de choque\u201d o de \u201cporros\u201d para vandalizar el Palacio Municipal.<\/p>\n\n\n\n<p>\u201cEl grupo de choque o de porros como mejor se le conoce, fueron enviados por el Diputado por el Distrito de Perote Paul Mart\u00ednez Marie; Fidel Hern\u00e1ndez Guti\u00e9rrez, S\u00edndico de Villa Aldama; Joaquina Contreras Platas, Regidora Primera de Villa Aldama y Marcos L\u00f3pez Cruz, quienes buscaron alianza con exempleados de la administraci\u00f3n pasada liderado por Gisela Ram\u00f3n Contreras, quien esta coaligada con los hechos de vandalismo ocurridos al Palacio Municipal de Villa Aldama\u201d, se lee en el pronunciamiento del ayuntamiento.<\/p>\n\n\n\n<p>Se indica que otra de las peticiones de los habitantes es que la Alcaldesa traiga al grupo musical \u201cLos Tigres del Norte\u201d y repare tramos carreteros estatales y federales.<\/p>\n\n\n\n<p>\u201cSiendo peticiones sin fundamento y exigiendo la destituci\u00f3n e incluso externaron amenazas de muerte hacia la Presidenta Municipal de Villa Aldama, con apolog\u00edas del delito utilizando a mujeres, ni\u00f1os, y adultos mayores como escudos humanos para llevar a cabo este tipo de circunstancias\u201d, detalla el comunicado del ayuntamiento de Villa Aldama.<\/p>\n\n\n\n<p>La autoridad local enfatiz\u00f3 que durante la protesta se detect\u00f3 a ni\u00f1os y adolescentes quemando llantas y arrojando piedras y petardos contra el recinto p\u00fablico, ocasionado graves da\u00f1os.<\/p>\n\n\n\n<p>La alcaldesa Guadalupe Romero S\u00e1nchez cuenta con medidas de protecci\u00f3n y medidas cautelares por parte de la Fiscal\u00eda del Estado de Veracruz, el Tribunal Electoral del Estado de Veracruz y por parte del Organismo P\u00fablico Local Electoral del Estado de Veracruz para protegerla de la violencia pol\u00edtica en raz\u00f3n de g\u00e9nero que ha padecido.\u00a0\u00a0<\/p>\n","protected":false},"excerpt":{"rendered":"<p>Juan Arcos Xalapa, Ver.- Un grupo de ciudadanos protest\u00f3 y vandaliz\u00f3 el Palacio Municipal de Villa Aldama para exigir la destituci\u00f3n de la alcaldesa Guadalupe Romero S\u00e1nchez, a quien responsabilizaron de diversas irregularidades en la administraci\u00f3n. Los hechos ocurrieron la noche del mi\u00e9rcoles 31 de enero, luego de varias horas de manifestaci\u00f3n, donde la gente [&hellip;]<\/p>\n","protected":false},"author":2476,"featured_media":50111,"comment_status":"open","ping_status":"open","sticky":false,"template":"","format":"standard","meta":{"_jetpack_memberships_contains_paid_content":false,"footnotes":""},"categories":[8],"tags":[],"class_list":["post-50110","post","type-post","status-publish","format-standard","has-post-thumbnail","hentry","category-region"],"jetpack_featured_media_url":"https:\/\/encuentroinformativo.com.mx\/wp-content\/uploads\/2024\/02\/bee8848d-c14f-46c9-9271-c0dd49bdbbda.jpg","jetpack_sharing_enabled":true,"jetpack_likes_enabled":true,"amp_enabled":true,"_links":{"self":[{"href":"https:\/\/encuentroinformativo.com.mx\/index.php?rest_route=\/wp\/v2\/posts\/50110","targetHints":{"allow":["GET"]}}],"collection":[{"href":"https:\/\/encuentroinformativo.com.mx\/index.php?rest_route=\/wp\/v2\/posts"}],"about":[{"href":"https:\/\/encuentroinformativo.com.mx\/index.php?rest_route=\/wp\/v2\/types\/post"}],"author":[{"embeddable":true,"href":"https:\/\/encuentroinformativo.com.mx\/index.php?rest_route=\/wp\/v2\/users\/2476"}],"replies":[{"embeddable":true,"href":"https:\/\/encuentroinformativo.com.mx\/index.php?rest_route=%2Fwp%2Fv2%2Fcomments&post=50110"}],"version-history":[{"count":1,"href":"https:\/\/encuentroinformativo.com.mx\/index.php?rest_route=\/wp\/v2\/posts\/50110\/revisions"}],"predecessor-version":[{"id":50112,"href":"https:\/\/encuentroinformativo.com.mx\/index.php?rest_route=\/wp\/v2\/posts\/50110\/revisions\/50112"}],"wp:featuredmedia":[{"embeddable":true,"href":"https:\/\/encuentroinformativo.com.mx\/index.php?rest_route=\/wp\/v2\/media\/50111"}],"wp:attachment":[{"href":"https:\/\/encuentroinformativo.com.mx\/index.php?rest_route=%2Fwp%2Fv2%2Fmedia&parent=50110"}],"wp:term":[{"taxonomy":"category","embeddable":true,"href":"https:\/\/encuentroinformativo.com.mx\/index.php?rest_route=%2Fwp%2Fv2%2Fcategories&post=50110"},{"taxonomy":"post_tag","embeddable":true,"href":"https:\/\/encuentroinformativo.com.mx\/index.php?rest_route=%2Fwp%2Fv2%2Ftags&post=50110"}],"curies":[{"name":"wp","href":"https:\/\/api.w.org\/{rel}","templated":true}]}}