{"id":50116,"date":"2024-02-01T16:24:42","date_gmt":"2024-02-01T22:24:42","guid":{"rendered":"https:\/\/encuentroinformativo.com.mx\/?p=50116"},"modified":"2024-02-01T16:24:47","modified_gmt":"2024-02-01T22:24:47","slug":"zona-rural-principal-productor-en-festival-del-tamal-de-veracruz-puerto","status":"publish","type":"post","link":"https:\/\/encuentroinformativo.com.mx\/?p=50116","title":{"rendered":"Zona rural principal productor en Festival del Tamal de Veracruz puerto"},"content":{"rendered":"\n<p><strong>Alejandro \u00c1vila<\/strong><\/p>\n\n\n\n<p>Veracruz, Ver.- Al menos 20 familias de la zona rural del municipio de Veracruz ser\u00e1n las encargadas de preparar los productos que se vendan este viernes 2 de febrero en el segundo Festival del Tamal.<\/p>\n\n\n\n<p>Cabe mencionar que en la primera edici\u00f3n realizada en noviembre del 2023, se vendieron cerca de 7 300 tamales de masa y 2 600 tamales de elote, teniendo una derrama econ\u00f3mica de poco m\u00e1s de 277 mil pesos.<\/p>\n\n\n\n<p>Adem\u00e1s, cerca de 13 mil pesos en ventas de 260 litros de atole, seg\u00fan datos de Gisela Castro Gonz\u00e1lez, una de las comerciantes y organizadoras del evento.<\/p>\n\n\n\n<p>&#8220;Tenemos tamalisa el viernes, la verdad es que han jalado muy bien las ferias gastron\u00f3micas, y el viernes D\u00eda de la Candelaria vamos a tener ya nosotros hasta tamaliza, va a haber tambi\u00e9n chocolate caliente, va a ser en el z\u00f3calo, como yo les dec\u00eda, aunque tengamos obra en el z\u00f3calo esto no nos detiene, va a haber 20 expositores, invitamos a todos los jarochos y a los no jarochos a partir de las 5 de la tarde en el z\u00f3calo de la ciudad el d\u00eda viernes&#8221;, declar\u00f3 la alcaldesa Patricia Lobeira Rodr\u00edguez.<\/p>\n","protected":false},"excerpt":{"rendered":"<p>Alejandro \u00c1vila Veracruz, Ver.- Al menos 20 familias de la zona rural del municipio de Veracruz ser\u00e1n las encargadas de preparar los productos que se vendan este viernes 2 de febrero en el segundo Festival del Tamal. Cabe mencionar que en la primera edici\u00f3n realizada en noviembre del 2023, se vendieron cerca de 7 300 [&hellip;]<\/p>\n","protected":false},"author":2476,"featured_media":50117,"comment_status":"open","ping_status":"open","sticky":false,"template":"","format":"standard","meta":{"_jetpack_memberships_contains_paid_content":false,"footnotes":""},"categories":[2],"tags":[],"class_list":["post-50116","post","type-post","status-publish","format-standard","has-post-thumbnail","hentry","category-estado"],"jetpack_featured_media_url":"https:\/\/encuentroinformativo.com.mx\/wp-content\/uploads\/2024\/02\/IMG-20240201-WA0081.jpg","jetpack_sharing_enabled":true,"jetpack_likes_enabled":true,"amp_enabled":true,"_links":{"self":[{"href":"https:\/\/encuentroinformativo.com.mx\/index.php?rest_route=\/wp\/v2\/posts\/50116","targetHints":{"allow":["GET"]}}],"collection":[{"href":"https:\/\/encuentroinformativo.com.mx\/index.php?rest_route=\/wp\/v2\/posts"}],"about":[{"href":"https:\/\/encuentroinformativo.com.mx\/index.php?rest_route=\/wp\/v2\/types\/post"}],"author":[{"embeddable":true,"href":"https:\/\/encuentroinformativo.com.mx\/index.php?rest_route=\/wp\/v2\/users\/2476"}],"replies":[{"embeddable":true,"href":"https:\/\/encuentroinformativo.com.mx\/index.php?rest_route=%2Fwp%2Fv2%2Fcomments&post=50116"}],"version-history":[{"count":1,"href":"https:\/\/encuentroinformativo.com.mx\/index.php?rest_route=\/wp\/v2\/posts\/50116\/revisions"}],"predecessor-version":[{"id":50118,"href":"https:\/\/encuentroinformativo.com.mx\/index.php?rest_route=\/wp\/v2\/posts\/50116\/revisions\/50118"}],"wp:featuredmedia":[{"embeddable":true,"href":"https:\/\/encuentroinformativo.com.mx\/index.php?rest_route=\/wp\/v2\/media\/50117"}],"wp:attachment":[{"href":"https:\/\/encuentroinformativo.com.mx\/index.php?rest_route=%2Fwp%2Fv2%2Fmedia&parent=50116"}],"wp:term":[{"taxonomy":"category","embeddable":true,"href":"https:\/\/encuentroinformativo.com.mx\/index.php?rest_route=%2Fwp%2Fv2%2Fcategories&post=50116"},{"taxonomy":"post_tag","embeddable":true,"href":"https:\/\/encuentroinformativo.com.mx\/index.php?rest_route=%2Fwp%2Fv2%2Ftags&post=50116"}],"curies":[{"name":"wp","href":"https:\/\/api.w.org\/{rel}","templated":true}]}}