{"id":50149,"date":"2024-02-02T12:55:08","date_gmt":"2024-02-02T18:55:08","guid":{"rendered":"https:\/\/encuentroinformativo.com.mx\/?p=50149"},"modified":"2024-02-02T12:55:14","modified_gmt":"2024-02-02T18:55:14","slug":"con-musica-celebraran-dia-de-la-amistad-en-xallitic","status":"publish","type":"post","link":"https:\/\/encuentroinformativo.com.mx\/?p=50149","title":{"rendered":"Con m\u00fasica, celebrar\u00e1n D\u00eda de la Amistad en Xallitic"},"content":{"rendered":"\n<p><strong>Dar\u00edo Pale <\/strong><\/p>\n\n\n\n<p>Xalapa, Ver.- El pr\u00f3ximo jueves 15 de febrero el Barrio M\u00e1gico de Xallitic ser\u00e1 sede de un show de m\u00fasica en vivo denominado &#8220;Celebrando el D\u00eda del Amor y la Amistad&#8221;, el cual ser\u00e1 amenizado por el grupo musical &#8220;Cobra Norte\u00f1a&#8221;.<\/p>\n\n\n\n<p>El representante del grupo musical Cobra Norte\u00f1a, Rigoberto Aguilar Aguilar, inform\u00f3 que con motivo del 15 Aniversario de la agrupaci\u00f3n y por el D\u00eda del Amor y de la Amistad, se realizar\u00e1 un evento gratuito el pr\u00f3ximo 15 de febrero en el Barrio de Xallitic.<\/p>\n\n\n\n<p>En conferencia de prensa, dijo que adem\u00e1s habr\u00e1 dos grupos invitados &#8220;El Regreso&#8221; y &#8220;Sabor K&#8221;, quienes amenizar\u00e1n este evento, mismo que iniciar\u00e1 a las 5 de la tarde hasta las 8 de la noche.<br>La finalidad del evento es brindar un momento de esparcimiento para las familias, en el marco del d\u00eda de los enamorados.<\/p>\n\n\n\n<p>Asimismo, dijo que los nuevos g\u00e9neros han afectado a este tipo de agrupaciones musicales, sin embargo asegur\u00f3 que siguen en pie y defendiendo la m\u00fasica norte\u00f1a.<\/p>\n\n\n\n<p>Los organizadores agradecieron el apoyo de las autoridades municipales para poder llevar a cabo el espect\u00e1culo en uno de los sitios m\u00e1s emblem\u00e1ticos de la capital del estado.<\/p>\n\n\n\n<p>A su vez, invitaron a las familias para asistir y disfrutar el show de m\u00fasica en vivo, industria que reconocieron se ha visto afectada tras el surgimiento de nuevos g\u00e9neros musicales.<\/p>\n","protected":false},"excerpt":{"rendered":"<p>Dar\u00edo Pale Xalapa, Ver.- El pr\u00f3ximo jueves 15 de febrero el Barrio M\u00e1gico de Xallitic ser\u00e1 sede de un show de m\u00fasica en vivo denominado &#8220;Celebrando el D\u00eda del Amor y la Amistad&#8221;, el cual ser\u00e1 amenizado por el grupo musical &#8220;Cobra Norte\u00f1a&#8221;. El representante del grupo musical Cobra Norte\u00f1a, Rigoberto Aguilar Aguilar, inform\u00f3 que [&hellip;]<\/p>\n","protected":false},"author":2476,"featured_media":50150,"comment_status":"open","ping_status":"open","sticky":false,"template":"","format":"standard","meta":{"_jetpack_memberships_contains_paid_content":false,"footnotes":""},"categories":[3],"tags":[],"class_list":["post-50149","post","type-post","status-publish","format-standard","has-post-thumbnail","hentry","category-xalapa"],"jetpack_featured_media_url":"https:\/\/encuentroinformativo.com.mx\/wp-content\/uploads\/2024\/02\/IMG-20240202-WA00142.jpg","jetpack_sharing_enabled":true,"jetpack_likes_enabled":true,"amp_enabled":true,"_links":{"self":[{"href":"https:\/\/encuentroinformativo.com.mx\/index.php?rest_route=\/wp\/v2\/posts\/50149","targetHints":{"allow":["GET"]}}],"collection":[{"href":"https:\/\/encuentroinformativo.com.mx\/index.php?rest_route=\/wp\/v2\/posts"}],"about":[{"href":"https:\/\/encuentroinformativo.com.mx\/index.php?rest_route=\/wp\/v2\/types\/post"}],"author":[{"embeddable":true,"href":"https:\/\/encuentroinformativo.com.mx\/index.php?rest_route=\/wp\/v2\/users\/2476"}],"replies":[{"embeddable":true,"href":"https:\/\/encuentroinformativo.com.mx\/index.php?rest_route=%2Fwp%2Fv2%2Fcomments&post=50149"}],"version-history":[{"count":1,"href":"https:\/\/encuentroinformativo.com.mx\/index.php?rest_route=\/wp\/v2\/posts\/50149\/revisions"}],"predecessor-version":[{"id":50151,"href":"https:\/\/encuentroinformativo.com.mx\/index.php?rest_route=\/wp\/v2\/posts\/50149\/revisions\/50151"}],"wp:featuredmedia":[{"embeddable":true,"href":"https:\/\/encuentroinformativo.com.mx\/index.php?rest_route=\/wp\/v2\/media\/50150"}],"wp:attachment":[{"href":"https:\/\/encuentroinformativo.com.mx\/index.php?rest_route=%2Fwp%2Fv2%2Fmedia&parent=50149"}],"wp:term":[{"taxonomy":"category","embeddable":true,"href":"https:\/\/encuentroinformativo.com.mx\/index.php?rest_route=%2Fwp%2Fv2%2Fcategories&post=50149"},{"taxonomy":"post_tag","embeddable":true,"href":"https:\/\/encuentroinformativo.com.mx\/index.php?rest_route=%2Fwp%2Fv2%2Ftags&post=50149"}],"curies":[{"name":"wp","href":"https:\/\/api.w.org\/{rel}","templated":true}]}}