{"id":50155,"date":"2024-02-02T15:01:14","date_gmt":"2024-02-02T21:01:14","guid":{"rendered":"https:\/\/encuentroinformativo.com.mx\/?p=50155"},"modified":"2024-02-02T15:01:20","modified_gmt":"2024-02-02T21:01:20","slug":"renuncia-polo-deschamps-al-pan","status":"publish","type":"post","link":"https:\/\/encuentroinformativo.com.mx\/?p=50155","title":{"rendered":"Renuncia Polo Deschamps al PAN"},"content":{"rendered":"\n<p><strong>Alejandro \u00c1vila<\/strong><\/p>\n\n\n\n<p>Veracruz, Ver.- El ex alcalde de Medell\u00edn de Bravo, Hipolito Deschamps Espino Barros, renunci\u00f3 al Partido Acci\u00f3n Nacional, y acus\u00f3 sus dirigentes de hacer de ese instituto pol\u00edtico un partido de \u00e9lites, amigos y compadrazgos.&nbsp;<\/p>\n\n\n\n<p>\u201cTodas las decisiones que est\u00e1 tomando Marko Cort\u00e9s y todo su grupo pol\u00edtico no est\u00e1n orientadas a hacer un proyecto que represente a la gente, sino todo lo contrario, han secuestrado al partido para repartirse diputaciones y senadur\u00edas entre amigos y familiares\u201d, dijo.&nbsp;<\/p>\n\n\n\n<p>En un anuncio hecho a trav\u00e9s de sus redes sociales, el empresario dijo que seguir\u00e1 caminando por el estado de Veracruz con un proyecto ciudadano, \u201cpues lo verdaderamente importante es estar con la gente\u201d.&nbsp;<\/p>\n\n\n\n<p>\u201cVamos a seguir caminando, escuchando y ayudando a los veracruzanos. Eso es lo realmente importante\u201d, consider\u00f3.&nbsp;<\/p>\n\n\n\n<p>En el video, Polo Deschamps agradeci\u00f3 a la militancia del PAN y a los ciudadanos simpatizantes de ese instituto pol\u00edtico que en su oportunidad le dieron su voto y le permitieron gobernar.&nbsp;<\/p>\n\n\n\n<p>Sin embargo, arremeti\u00f3 en contra de los dirigentes de los partidos que conforman el Frente Amplio por M\u00e9xico, como Marko Cort\u00e9s y Alejandro Moreno \u201cAlito\u201d, a quienes culp\u00f3 de la crisis que se vive en la oposici\u00f3n.<\/p>\n","protected":false},"excerpt":{"rendered":"<p>Alejandro \u00c1vila Veracruz, Ver.- El ex alcalde de Medell\u00edn de Bravo, Hipolito Deschamps Espino Barros, renunci\u00f3 al Partido Acci\u00f3n Nacional, y acus\u00f3 sus dirigentes de hacer de ese instituto pol\u00edtico un partido de \u00e9lites, amigos y compadrazgos.&nbsp; \u201cTodas las decisiones que est\u00e1 tomando Marko Cort\u00e9s y todo su grupo pol\u00edtico no est\u00e1n orientadas a hacer [&hellip;]<\/p>\n","protected":false},"author":2476,"featured_media":50156,"comment_status":"open","ping_status":"open","sticky":false,"template":"","format":"standard","meta":{"_jetpack_memberships_contains_paid_content":false,"footnotes":""},"categories":[2],"tags":[],"class_list":["post-50155","post","type-post","status-publish","format-standard","has-post-thumbnail","hentry","category-estado"],"jetpack_featured_media_url":"https:\/\/encuentroinformativo.com.mx\/wp-content\/uploads\/2024\/02\/IMG-20240202-WA0038.jpg","jetpack_sharing_enabled":true,"jetpack_likes_enabled":true,"amp_enabled":true,"_links":{"self":[{"href":"https:\/\/encuentroinformativo.com.mx\/index.php?rest_route=\/wp\/v2\/posts\/50155","targetHints":{"allow":["GET"]}}],"collection":[{"href":"https:\/\/encuentroinformativo.com.mx\/index.php?rest_route=\/wp\/v2\/posts"}],"about":[{"href":"https:\/\/encuentroinformativo.com.mx\/index.php?rest_route=\/wp\/v2\/types\/post"}],"author":[{"embeddable":true,"href":"https:\/\/encuentroinformativo.com.mx\/index.php?rest_route=\/wp\/v2\/users\/2476"}],"replies":[{"embeddable":true,"href":"https:\/\/encuentroinformativo.com.mx\/index.php?rest_route=%2Fwp%2Fv2%2Fcomments&post=50155"}],"version-history":[{"count":1,"href":"https:\/\/encuentroinformativo.com.mx\/index.php?rest_route=\/wp\/v2\/posts\/50155\/revisions"}],"predecessor-version":[{"id":50157,"href":"https:\/\/encuentroinformativo.com.mx\/index.php?rest_route=\/wp\/v2\/posts\/50155\/revisions\/50157"}],"wp:featuredmedia":[{"embeddable":true,"href":"https:\/\/encuentroinformativo.com.mx\/index.php?rest_route=\/wp\/v2\/media\/50156"}],"wp:attachment":[{"href":"https:\/\/encuentroinformativo.com.mx\/index.php?rest_route=%2Fwp%2Fv2%2Fmedia&parent=50155"}],"wp:term":[{"taxonomy":"category","embeddable":true,"href":"https:\/\/encuentroinformativo.com.mx\/index.php?rest_route=%2Fwp%2Fv2%2Fcategories&post=50155"},{"taxonomy":"post_tag","embeddable":true,"href":"https:\/\/encuentroinformativo.com.mx\/index.php?rest_route=%2Fwp%2Fv2%2Ftags&post=50155"}],"curies":[{"name":"wp","href":"https:\/\/api.w.org\/{rel}","templated":true}]}}