{"id":50164,"date":"2024-02-02T16:48:03","date_gmt":"2024-02-02T22:48:03","guid":{"rendered":"https:\/\/encuentroinformativo.com.mx\/?p=50164"},"modified":"2024-02-02T16:48:09","modified_gmt":"2024-02-02T22:48:09","slug":"cuesta-de-enero-se-extendera-a-marzo-senala-economista","status":"publish","type":"post","link":"https:\/\/encuentroinformativo.com.mx\/?p=50164","title":{"rendered":"Cuesta de enero se extender\u00e1 a marzo, se\u00f1ala economista"},"content":{"rendered":"\n<p><strong>Juan Arcos <\/strong><\/p>\n\n\n\n<p>Xalapa, Ver.- La cuesta de enero se prolongar\u00e1 hasta marzo, pues resulta muy complicado que la poblaci\u00f3n cubra sus pendientes financieros luego del primer mes del a\u00f1o.<\/p>\n\n\n\n<p>As\u00ed lo alert\u00f3 el presidente del Colegio Veracruzano de Economistas, Humberto Flores Huerta, quien consider\u00f3 que ha dejado de existir la denominada \u201ccuesta de enero\u201d.<\/p>\n\n\n\n<p>El especialista opin\u00f3 que ni siquiera el incremento salarial del 20 por ciento a los trabajadores permitir\u00eda hacer frente a la problem\u00e1tica.<\/p>\n\n\n\n<p>\u201cEs muy dif\u00edcil que la poblaci\u00f3n cubra sus necesidades precisamente en un periodo de un mes, aunque hubo un incremento al salario del salario m\u00ednimo de 20 por ciento donde pasamos a ganar 248.93 pesos, la gente no va a poder cubrir sus necesidades en un periodo del mes de enero\u201d, refiri\u00f3<\/p>\n\n\n\n<p>Se prev\u00e9 que la gente pueda recuperarse econ\u00f3micamente en un periodo de al menos tres meses, luego de los fuertes gastos que realizaron las familias durante diciembre y enero.<\/p>\n\n\n\n<p>Flores Huerta destac\u00f3 que despu\u00e9s de ese tiempo, la gente podr\u00eda cubrir sus compromisos, como el pago del impuesto predial, agua, tenencia y el derecho vehicular, que son los m\u00e1s importantes.<\/p>\n\n\n\n<p>Sin embargo, opin\u00f3 que a\u00fan no existe una cultura en la sociedad para utilizar parte del aguinaldo en el pago de impuestos y servicios b\u00e1sicos.<\/p>\n\n\n\n<p>Cabe recordar que la cuesta de enero es el conjunto de subidas de precios, tarifas y tasas al inicio de cada a\u00f1o, las cuales afectan a la capacidad de compra de los consumidores.<\/p>\n\n\n\n<p>\u201cLa Cuesta de enero, aunque yo le llamar\u00eda la cuesta trimestral, la cuesta del primer trimestre, porque es cuando podemos ir desahogando un poco los compromisos que tenemos\u201d, finaliz\u00f3.<\/p>\n","protected":false},"excerpt":{"rendered":"<p>Juan Arcos Xalapa, Ver.- La cuesta de enero se prolongar\u00e1 hasta marzo, pues resulta muy complicado que la poblaci\u00f3n cubra sus pendientes financieros luego del primer mes del a\u00f1o. As\u00ed lo alert\u00f3 el presidente del Colegio Veracruzano de Economistas, Humberto Flores Huerta, quien consider\u00f3 que ha dejado de existir la denominada \u201ccuesta de enero\u201d. El [&hellip;]<\/p>\n","protected":false},"author":2476,"featured_media":50165,"comment_status":"open","ping_status":"open","sticky":false,"template":"","format":"standard","meta":{"_jetpack_memberships_contains_paid_content":false,"footnotes":""},"categories":[2],"tags":[],"class_list":["post-50164","post","type-post","status-publish","format-standard","has-post-thumbnail","hentry","category-estado"],"jetpack_featured_media_url":"https:\/\/encuentroinformativo.com.mx\/wp-content\/uploads\/2024\/02\/07e3f220-457e-4337-9b18-3a8fa2d34c36.jpg","jetpack_sharing_enabled":true,"jetpack_likes_enabled":true,"amp_enabled":true,"_links":{"self":[{"href":"https:\/\/encuentroinformativo.com.mx\/index.php?rest_route=\/wp\/v2\/posts\/50164","targetHints":{"allow":["GET"]}}],"collection":[{"href":"https:\/\/encuentroinformativo.com.mx\/index.php?rest_route=\/wp\/v2\/posts"}],"about":[{"href":"https:\/\/encuentroinformativo.com.mx\/index.php?rest_route=\/wp\/v2\/types\/post"}],"author":[{"embeddable":true,"href":"https:\/\/encuentroinformativo.com.mx\/index.php?rest_route=\/wp\/v2\/users\/2476"}],"replies":[{"embeddable":true,"href":"https:\/\/encuentroinformativo.com.mx\/index.php?rest_route=%2Fwp%2Fv2%2Fcomments&post=50164"}],"version-history":[{"count":1,"href":"https:\/\/encuentroinformativo.com.mx\/index.php?rest_route=\/wp\/v2\/posts\/50164\/revisions"}],"predecessor-version":[{"id":50166,"href":"https:\/\/encuentroinformativo.com.mx\/index.php?rest_route=\/wp\/v2\/posts\/50164\/revisions\/50166"}],"wp:featuredmedia":[{"embeddable":true,"href":"https:\/\/encuentroinformativo.com.mx\/index.php?rest_route=\/wp\/v2\/media\/50165"}],"wp:attachment":[{"href":"https:\/\/encuentroinformativo.com.mx\/index.php?rest_route=%2Fwp%2Fv2%2Fmedia&parent=50164"}],"wp:term":[{"taxonomy":"category","embeddable":true,"href":"https:\/\/encuentroinformativo.com.mx\/index.php?rest_route=%2Fwp%2Fv2%2Fcategories&post=50164"},{"taxonomy":"post_tag","embeddable":true,"href":"https:\/\/encuentroinformativo.com.mx\/index.php?rest_route=%2Fwp%2Fv2%2Ftags&post=50164"}],"curies":[{"name":"wp","href":"https:\/\/api.w.org\/{rel}","templated":true}]}}