{"id":50167,"date":"2024-02-02T17:14:43","date_gmt":"2024-02-02T23:14:43","guid":{"rendered":"https:\/\/encuentroinformativo.com.mx\/?p=50167"},"modified":"2024-02-02T17:14:47","modified_gmt":"2024-02-02T23:14:47","slug":"bernardo-pasquel-no-sera-dueno-de-veracruz-fc-gobernador","status":"publish","type":"post","link":"https:\/\/encuentroinformativo.com.mx\/?p=50167","title":{"rendered":"Bernardo Pasquel no ser\u00e1 due\u00f1o de Veracruz FC: Gobernador"},"content":{"rendered":"\n<p><strong>Alejandro \u00c1vila<\/strong><\/p>\n\n\n\n<p>Boca del R\u00edo, Ver.- El due\u00f1o del \u00c1guila de Veracruz y empresario deportivo, Bernardo Pasquel, no ser\u00e1 quien se haga cargo del equipo de f\u00fatbol Veracruz FC, confirm\u00f3 el gobernador, Cuitl\u00e1huac Garc\u00eda Jim\u00e9nez, la noche de este jueves.<\/p>\n\n\n\n<p>Entrevistado durante su visita al partido inaugural de la Liga Mexicana de Softball, aclar\u00f3 que las pl\u00e1ticas para concretar el equipo en la Liga de Expansi\u00f3n en los pr\u00f3ximos meses, es con otros empresarios.<\/p>\n\n\n\n<p>&#8220;El acuerdo que nosotros hicimos con ellos es que nosotros pon\u00edamos el estadio y hasta ah\u00ed llega el gobierno, ellos tendr\u00e1n que mantener el equipo, la condici\u00f3n es que en pocos a\u00f1os ya venga el f\u00fatbol profesional de primera divisi\u00f3n aqu\u00ed (\u2026) ah\u00ed la Federaci\u00f3n Mexicana es la que va a llevar la vertiente, porque recuerden que ellos hasta que aperturen que califiquen equipos de la Liga de Expansi\u00f3n a primera divisi\u00f3n o la Liga MX, es cuando se va a poder aspirar, mientras la tengan cerrada, no, pero si nos ponen como condici\u00f3n tener equipo en la Liga de Expansi\u00f3n, tener estadio, ya vamos a estar cumpliendo&#8221;, subray\u00f3.<\/p>\n\n\n\n<p>Cuitl\u00e1huac Garc\u00eda dijo que las inversiones que est\u00e1n realizando en los complejos deportivos ubicados en el fraccionamiento Virginia est\u00e1n dejando grandes dividendos y derrama econ\u00f3mica, toda vez que hace algunos a\u00f1os esa zona se encontraba pr\u00e1cticamente &#8220;muerta&#8221;, comercialmente hablando.<\/p>\n\n\n\n<p>&#8220;Es importante, que aqu\u00ed ya se convierte en una Ciudad Deportiva de alto nivel profesional. Adem\u00e1s, no olvidemos aqu\u00ed hasta el centro deportivo que tiene el IVD con las albercas y la escuela de b\u00e9isbol, gimnasio, varias \u00e1reas deportivas, el centro de raqueta, acabamos de recuperar el bolerama, en fin, creo que esto se va a convertir en una zona, en la Ciudad Deportiva y es importante la inversi\u00f3n de la empresa privada, y que sean compa\u00f1eros que hagan actos conjuntos, eventos conjuntos, bastante bien, lo veo muy bien&#8221;, destac\u00f3.<\/p>\n\n\n\n<p>Finalmente dijo que no ha exigido que los complejos deportivos lleven el color de su partido pol\u00edtico, pues la prioridad es promover el deporte e incentivar al comercio.<\/p>\n\n\n\n<p>&#8220;A nosotros que nos interesa, que se promueva el deporte, que la gente vea algo nuevo, que vea que aqu\u00ed hay inversi\u00f3n. Estamos impulsando a traer eventos espect\u00e1culos que luzcan, que reciben econ\u00f3micamente, recu\u00e9rdense c\u00f3mo estaba esta zona, de que no hab\u00eda movimiento, estaba muerto porque un estadio en ruinas, el Beto \u00c1vila con borregos comiendo el pasto, un desastre. Ahora no, ahora vemos movimiento&#8221;, culmin\u00f3.<\/p>\n","protected":false},"excerpt":{"rendered":"<p>Alejandro \u00c1vila Boca del R\u00edo, Ver.- El due\u00f1o del \u00c1guila de Veracruz y empresario deportivo, Bernardo Pasquel, no ser\u00e1 quien se haga cargo del equipo de f\u00fatbol Veracruz FC, confirm\u00f3 el gobernador, Cuitl\u00e1huac Garc\u00eda Jim\u00e9nez, la noche de este jueves. Entrevistado durante su visita al partido inaugural de la Liga Mexicana de Softball, aclar\u00f3 que [&hellip;]<\/p>\n","protected":false},"author":2476,"featured_media":50168,"comment_status":"open","ping_status":"open","sticky":false,"template":"","format":"standard","meta":{"_jetpack_memberships_contains_paid_content":false,"footnotes":""},"categories":[2],"tags":[],"class_list":["post-50167","post","type-post","status-publish","format-standard","has-post-thumbnail","hentry","category-estado"],"jetpack_featured_media_url":"https:\/\/encuentroinformativo.com.mx\/wp-content\/uploads\/2024\/02\/IMG-20240202-WA0025.jpg","jetpack_sharing_enabled":true,"jetpack_likes_enabled":true,"amp_enabled":true,"_links":{"self":[{"href":"https:\/\/encuentroinformativo.com.mx\/index.php?rest_route=\/wp\/v2\/posts\/50167","targetHints":{"allow":["GET"]}}],"collection":[{"href":"https:\/\/encuentroinformativo.com.mx\/index.php?rest_route=\/wp\/v2\/posts"}],"about":[{"href":"https:\/\/encuentroinformativo.com.mx\/index.php?rest_route=\/wp\/v2\/types\/post"}],"author":[{"embeddable":true,"href":"https:\/\/encuentroinformativo.com.mx\/index.php?rest_route=\/wp\/v2\/users\/2476"}],"replies":[{"embeddable":true,"href":"https:\/\/encuentroinformativo.com.mx\/index.php?rest_route=%2Fwp%2Fv2%2Fcomments&post=50167"}],"version-history":[{"count":1,"href":"https:\/\/encuentroinformativo.com.mx\/index.php?rest_route=\/wp\/v2\/posts\/50167\/revisions"}],"predecessor-version":[{"id":50169,"href":"https:\/\/encuentroinformativo.com.mx\/index.php?rest_route=\/wp\/v2\/posts\/50167\/revisions\/50169"}],"wp:featuredmedia":[{"embeddable":true,"href":"https:\/\/encuentroinformativo.com.mx\/index.php?rest_route=\/wp\/v2\/media\/50168"}],"wp:attachment":[{"href":"https:\/\/encuentroinformativo.com.mx\/index.php?rest_route=%2Fwp%2Fv2%2Fmedia&parent=50167"}],"wp:term":[{"taxonomy":"category","embeddable":true,"href":"https:\/\/encuentroinformativo.com.mx\/index.php?rest_route=%2Fwp%2Fv2%2Fcategories&post=50167"},{"taxonomy":"post_tag","embeddable":true,"href":"https:\/\/encuentroinformativo.com.mx\/index.php?rest_route=%2Fwp%2Fv2%2Ftags&post=50167"}],"curies":[{"name":"wp","href":"https:\/\/api.w.org\/{rel}","templated":true}]}}