{"id":50170,"date":"2024-02-02T17:24:26","date_gmt":"2024-02-02T23:24:26","guid":{"rendered":"https:\/\/encuentroinformativo.com.mx\/?p=50170"},"modified":"2024-02-02T17:24:30","modified_gmt":"2024-02-02T23:24:30","slug":"acuden-catolicos-a-bendicion-de-nino-dios","status":"publish","type":"post","link":"https:\/\/encuentroinformativo.com.mx\/?p=50170","title":{"rendered":"Acuden cat\u00f3licos a bendici\u00f3n de ni\u00f1o Dios"},"content":{"rendered":"\n<p><strong>Dar\u00edo Pale <\/strong><\/p>\n\n\n\n<p>Xalapa, Ver.- Como ya es una tradici\u00f3n este d\u00eda muchas personas llevan a bendecir al ni\u00f1o Dios y lo visten de diferentes formas, adem\u00e1s de festejar a la Virgen de la Candelaria, esto indica el t\u00e9rmino del ciclo de la Navidad ya que se han cumplido 40 d\u00edas del nacimiento del Ni\u00f1o Dios.<\/p>\n\n\n\n<p>Esto es el tiempo que la Vi gen se quedo confinada por ello este d\u00eda est\u00e1 dedicado a la purificaci\u00f3n de todas aquellas que dieron a luz a un bebe, adem\u00e1s de que seg\u00fan Fray Bernardino de Sahag\u00fan el 2 de febrero se inicia el a\u00f1o de los antiguos mexicanos.<\/p>\n\n\n\n<p>Este d\u00eda San Jos\u00e9 y Mar\u00eda llevaron a presentar a Jes\u00fas a presentar al templo de Jerusal\u00e9n, esta costumbre tiene su origen en la celebraci\u00f3n lit\u00fargica de la fiesta de la purificaci\u00f3n y presentaci\u00f3n del Ni\u00f1o Dios al templo.<\/p>\n\n\n\n<p>El d\u00eda 2 de febrero de cada a\u00f1o, se recuerda esta presentaci\u00f3n del Ni\u00f1o Jes\u00fas al templo, llevando a alguna imagen del Ni\u00f1o Dios a presentar a la iglesia o parroquia. Tambi\u00e9n ese d\u00eda, se recuerdan las palabras de Sime\u00f3n, llevando candelas (velas hechas de parafina pura) a bendecir, las cuales simbolizan a Jes\u00fas como luz de todos los hombres. De aqu\u00ed viene el nombre de la \u201cFiesta de las candelas\u201d o el \u201cD\u00eda de la Candelaria\u201d.<\/p>\n\n\n\n<p>En M\u00e9xico, se acostumbra que aquellos a quienes les toc\u00f3 el mu\u00f1eco de la rosca de reyes, son los que deber\u00e1n presentarlo en el templo el d\u00eda de la Candelas. Para esto, hay que vestirlo y engalanarlo. Tambi\u00e9n, comprarle un trono para sentarlo. En esta celebraci\u00f3n se bendicen la imagen del Ni\u00f1o Dios y las candelas, que representan la luz de Cristo en los hogares. Las velas benditas se pueden prender cuando surjan las dificultades de la vida durante el a\u00f1o.<\/p>\n\n\n\n<p>La Virgen de la Candelaria, es una de las muchas advocaciones de la Virgen Mar\u00eda, tuvo su origen en Tenerife, una de las islas Canarias.<\/p>\n\n\n\n<p>Seg\u00fan la tradici\u00f3n, la Virgen se le apareci\u00f3 en 1392 a dos indios guanches que pastoreaban su reba\u00f1o, quienes, al llegar a la boca de un barranco, notaron que el ganado no avanzaba, como si algo impidiera seguir adelante.\u00a0<br>Para ver qu\u00e9 era lo que pasaba, uno de los pastores avanz\u00f3 y vio en lo alto de una pe\u00f1a una imagen de madera como de un metro de alto de una mujer. Tra\u00eda una vela en la mano izquierda y cargaba a un ni\u00f1o en el brazo derecho. El ni\u00f1o llevaba en sus manos un pajarito de oro.<\/p>\n\n\n\n<p>Los indios, como ten\u00edan prohibido hablar con mujeres que estuvieran solas, le hicieron se\u00f1as para que se apartara del camino, como no les hac\u00eda caso, uno de los indios tom\u00f3 una piedra para lanz\u00e1rsela, pero el brazo se le paraliz\u00f3. Su compa\u00f1ero tom\u00f3 la imagen e intent\u00f3 romperla, pero en el intento, se cort\u00f3 sus propios dedos.<br>Los indios corrieron a avisar al rey, quien de inmediato fue con todos sus guardias al lugar del acontecimiento. Tomaron la figura y la llevaron a la casa del rey.\u00a0<\/p>\n\n\n\n<p>Los encargados de llev\u00e1rsela fueron los pastores que la encontraron, quienes al instante de tomarla en sus manos, quedan curados del brazo uno y de los dedos, el otro. Ante este milagro, el rey orden\u00f3 que todo el pueblo honrara a aquella figura de mujer, a quien le llamaron \u201cLa Extranjera\u201d.<\/p>\n\n\n\n<p>En noviembre de 1826, una tormenta terrible azot\u00f3 a la isla de Tenerife, llegando al Santuario de la Virgen y las aguas se llevaron la Imagen. Se hizo todo por tratar de recuperarla, pero no fue posible encontrarla.\u00a0<\/p>\n\n\n\n<p>Los padres dominicos acordaron mandar a hacer una imagen nueva. As\u00ed lo hicieron y en la festividad del d\u00eda 2 de Febrero de 1830, bendijeron la nueva imagen de Nuestra Se\u00f1ora de la Candelaria.<\/p>\n\n\n\n<p>Desde el a\u00f1o 1599 se nombr\u00f3 a la Virgen de la Candelaria patrona de todo el archipi\u00e9lago canario. Su devoci\u00f3n se ha extendido por la pen\u00ednsula y por toda Hispanoam\u00e9rica, principalmente por Venezuela.<\/p>\n\n\n\n<p>Finalmente cabe se\u00f1alar que sus milagros y favores son constantes, cada a\u00f1o acuden a visitarla miles de personas de todas clases sociales para darle gracias y pedirle beneficios.<\/p>\n","protected":false},"excerpt":{"rendered":"<p>Dar\u00edo Pale Xalapa, Ver.- Como ya es una tradici\u00f3n este d\u00eda muchas personas llevan a bendecir al ni\u00f1o Dios y lo visten de diferentes formas, adem\u00e1s de festejar a la Virgen de la Candelaria, esto indica el t\u00e9rmino del ciclo de la Navidad ya que se han cumplido 40 d\u00edas del nacimiento del Ni\u00f1o Dios. [&hellip;]<\/p>\n","protected":false},"author":2476,"featured_media":50171,"comment_status":"open","ping_status":"open","sticky":false,"template":"","format":"standard","meta":{"_jetpack_memberships_contains_paid_content":false,"footnotes":""},"categories":[2],"tags":[],"class_list":["post-50170","post","type-post","status-publish","format-standard","has-post-thumbnail","hentry","category-estado"],"jetpack_featured_media_url":"https:\/\/encuentroinformativo.com.mx\/wp-content\/uploads\/2024\/02\/IMG-20240202-WA0049-scaled.jpg","jetpack_sharing_enabled":true,"jetpack_likes_enabled":true,"amp_enabled":true,"_links":{"self":[{"href":"https:\/\/encuentroinformativo.com.mx\/index.php?rest_route=\/wp\/v2\/posts\/50170","targetHints":{"allow":["GET"]}}],"collection":[{"href":"https:\/\/encuentroinformativo.com.mx\/index.php?rest_route=\/wp\/v2\/posts"}],"about":[{"href":"https:\/\/encuentroinformativo.com.mx\/index.php?rest_route=\/wp\/v2\/types\/post"}],"author":[{"embeddable":true,"href":"https:\/\/encuentroinformativo.com.mx\/index.php?rest_route=\/wp\/v2\/users\/2476"}],"replies":[{"embeddable":true,"href":"https:\/\/encuentroinformativo.com.mx\/index.php?rest_route=%2Fwp%2Fv2%2Fcomments&post=50170"}],"version-history":[{"count":1,"href":"https:\/\/encuentroinformativo.com.mx\/index.php?rest_route=\/wp\/v2\/posts\/50170\/revisions"}],"predecessor-version":[{"id":50172,"href":"https:\/\/encuentroinformativo.com.mx\/index.php?rest_route=\/wp\/v2\/posts\/50170\/revisions\/50172"}],"wp:featuredmedia":[{"embeddable":true,"href":"https:\/\/encuentroinformativo.com.mx\/index.php?rest_route=\/wp\/v2\/media\/50171"}],"wp:attachment":[{"href":"https:\/\/encuentroinformativo.com.mx\/index.php?rest_route=%2Fwp%2Fv2%2Fmedia&parent=50170"}],"wp:term":[{"taxonomy":"category","embeddable":true,"href":"https:\/\/encuentroinformativo.com.mx\/index.php?rest_route=%2Fwp%2Fv2%2Fcategories&post=50170"},{"taxonomy":"post_tag","embeddable":true,"href":"https:\/\/encuentroinformativo.com.mx\/index.php?rest_route=%2Fwp%2Fv2%2Ftags&post=50170"}],"curies":[{"name":"wp","href":"https:\/\/api.w.org\/{rel}","templated":true}]}}