{"id":50176,"date":"2024-02-02T17:43:10","date_gmt":"2024-02-02T23:43:10","guid":{"rendered":"https:\/\/encuentroinformativo.com.mx\/?p=50176"},"modified":"2024-02-02T17:43:16","modified_gmt":"2024-02-02T23:43:16","slug":"desconoce-sefiplan-destino-de-300-mdp-escondidos-en-fiscalia","status":"publish","type":"post","link":"https:\/\/encuentroinformativo.com.mx\/?p=50176","title":{"rendered":"Desconoce Sefiplan destino de 300 mdp &#8220;escondidos&#8221; en Fiscal\u00eda"},"content":{"rendered":"\n<p><strong>Dar\u00edo Pale <\/strong><\/p>\n\n\n\n<p>Xalapa, Ver.- El titular de la Secretar\u00eda de Finanzas y Planeaci\u00f3n (SEFIPLAN), Jos\u00e9 Luis Lima Franco dio a conocer que desconoce d\u00f3nde quedaron los 300 millones de pesos que seg\u00fan el gobernador Cuitl\u00e1huac Garc\u00eda Jim\u00e9nez los ten\u00eda el exfiscal Jorge Winckler.<\/p>\n\n\n\n<p>En entrevista el funcionario estatal dijo desconocer si hab\u00eda ese dinero en el organismo aut\u00f3nomo y aclar\u00f3 que ellos no lo ingresaron a las arcas estatales, \u201cnosotros desconocemos, si hay un recurso ah\u00ed estar\u00edamos en la mejor disipaci\u00f3n de revisarlo, pero nosotros no tenemos conocimiento de ese recurso\u201d.<\/p>\n\n\n\n<p>Cabe recordar que el gobernador Cuitl\u00e1huac Garc\u00eda Jim\u00e9nez dio a conocer que \u00e9l exfiscal Jorge Winckler ten\u00eda escondidos 300 millones de pesos los cuales serian utilizados en las elecciones y que pod\u00eda comprobar ya que ten\u00eda pruebas.<\/p>\n\n\n\n<p>El mandatario presumi\u00f3 que ese dinero ser\u00eda destinado a campa\u00f1as en el Estado, sin embargo, no aclar\u00f3 qu\u00e9 pas\u00f3 con el dinero, d\u00f3nde lo encontraron o cu\u00e1l fue el fin de los millones de pesos que estaban \u201cescondidos\u201d.<\/p>\n\n\n\n<p>Por \u00faltimo, Lima Franco plante\u00f3 que desconoce qu\u00e9 le pas\u00f3 el dinero y \u00e9l no ten\u00eda m\u00e1s elementos para opinar sobre c\u00f3mo se gast\u00f3 el recurso, o si era dinero p\u00fablico o de cu\u00e1l fue el destino final.<\/p>\n","protected":false},"excerpt":{"rendered":"<p>Dar\u00edo Pale Xalapa, Ver.- El titular de la Secretar\u00eda de Finanzas y Planeaci\u00f3n (SEFIPLAN), Jos\u00e9 Luis Lima Franco dio a conocer que desconoce d\u00f3nde quedaron los 300 millones de pesos que seg\u00fan el gobernador Cuitl\u00e1huac Garc\u00eda Jim\u00e9nez los ten\u00eda el exfiscal Jorge Winckler. En entrevista el funcionario estatal dijo desconocer si hab\u00eda ese dinero en [&hellip;]<\/p>\n","protected":false},"author":2476,"featured_media":50177,"comment_status":"open","ping_status":"open","sticky":false,"template":"","format":"standard","meta":{"_jetpack_memberships_contains_paid_content":false,"footnotes":""},"categories":[2],"tags":[],"class_list":["post-50176","post","type-post","status-publish","format-standard","has-post-thumbnail","hentry","category-estado"],"jetpack_featured_media_url":"https:\/\/encuentroinformativo.com.mx\/wp-content\/uploads\/2024\/02\/IMG-20240202-WA0053.jpg","jetpack_sharing_enabled":true,"jetpack_likes_enabled":true,"amp_enabled":true,"_links":{"self":[{"href":"https:\/\/encuentroinformativo.com.mx\/index.php?rest_route=\/wp\/v2\/posts\/50176","targetHints":{"allow":["GET"]}}],"collection":[{"href":"https:\/\/encuentroinformativo.com.mx\/index.php?rest_route=\/wp\/v2\/posts"}],"about":[{"href":"https:\/\/encuentroinformativo.com.mx\/index.php?rest_route=\/wp\/v2\/types\/post"}],"author":[{"embeddable":true,"href":"https:\/\/encuentroinformativo.com.mx\/index.php?rest_route=\/wp\/v2\/users\/2476"}],"replies":[{"embeddable":true,"href":"https:\/\/encuentroinformativo.com.mx\/index.php?rest_route=%2Fwp%2Fv2%2Fcomments&post=50176"}],"version-history":[{"count":1,"href":"https:\/\/encuentroinformativo.com.mx\/index.php?rest_route=\/wp\/v2\/posts\/50176\/revisions"}],"predecessor-version":[{"id":50178,"href":"https:\/\/encuentroinformativo.com.mx\/index.php?rest_route=\/wp\/v2\/posts\/50176\/revisions\/50178"}],"wp:featuredmedia":[{"embeddable":true,"href":"https:\/\/encuentroinformativo.com.mx\/index.php?rest_route=\/wp\/v2\/media\/50177"}],"wp:attachment":[{"href":"https:\/\/encuentroinformativo.com.mx\/index.php?rest_route=%2Fwp%2Fv2%2Fmedia&parent=50176"}],"wp:term":[{"taxonomy":"category","embeddable":true,"href":"https:\/\/encuentroinformativo.com.mx\/index.php?rest_route=%2Fwp%2Fv2%2Fcategories&post=50176"},{"taxonomy":"post_tag","embeddable":true,"href":"https:\/\/encuentroinformativo.com.mx\/index.php?rest_route=%2Fwp%2Fv2%2Ftags&post=50176"}],"curies":[{"name":"wp","href":"https:\/\/api.w.org\/{rel}","templated":true}]}}