{"id":50179,"date":"2024-02-02T22:34:00","date_gmt":"2024-02-03T04:34:00","guid":{"rendered":"https:\/\/encuentroinformativo.com.mx\/?p=50179"},"modified":"2024-02-03T14:09:14","modified_gmt":"2024-02-03T20:09:14","slug":"caravana-migrante-continua-su-paso-por-veracruz","status":"publish","type":"post","link":"https:\/\/encuentroinformativo.com.mx\/?p=50179","title":{"rendered":"Caravana migrante contin\u00faa su paso por Veracruz"},"content":{"rendered":"\n<p><strong>Juan Arcos <\/strong><\/p>\n\n\n\n<p>Xalapa, Ver.- Los 400 migrantes centroamericanos de la caravana \u201c\u00c9xodo de la Pobreza&#8221; avanzaron en la zona central monta\u00f1osa del estado de Veracruz, y llegaron a Tecamalucan, localidad del municipio de Acultzingo, donde pasar\u00e1n la noche de este viernes 2 de febrero y continuar\u00e1n ma\u00f1ana su camino con direcci\u00f3n a Tehuac\u00e1n, estado de Puebla.<\/p>\n\n\n\n<p>El director de Atenci\u00f3n a Migrantes en Veracruz, Carlos Enrique Escalante Igual, inform\u00f3 que los extranjeros llegaron a un acuerdo para quedarse m\u00e1s tiempo en el sal\u00f3n social \u201cJos\u00e9 Justo Montiel\u201d de la comunidad Tecamalucan.<\/p>\n\n\n\n<p>El funcionario estatal detall\u00f3 que pasar\u00e1n una noche m\u00e1s en dicho lugar, debido a que hay ni\u00f1as y ni\u00f1os enfermos. Adem\u00e1s, algunas mujeres est\u00e1n lastimadas de los pies, por lo que deber\u00e1n recibir la atenci\u00f3n m\u00e9dica necesaria.<\/p>\n\n\n\n<p>Los centroamericanos determinaron continuar su trayecto hacia la frontera norte del pa\u00eds durante la madrugada del s\u00e1bado 3 de febrero, despu\u00e9s de las 4:00 horas, para intentar cruzar a Estados Unidos, en busca del \u201csue\u00f1o americano\u201d.<\/p>\n\n\n\n<p>Las autoridades reportaron que la caravana avanz\u00f3 desde las 5:00 horas del jueves sobre la carretera federal 150, recorriendo los municipios de de Ixtaczoquitl\u00e1n, Orizaba, R\u00edo Blanco, Nogales y Ciudad Mendoza.<\/p>\n\n\n\n<p>Hicieron una parada en el municipio de Orizaba para alimentarse, beber agua y hacer sus necesidades fisiol\u00f3gicas. Despu\u00e9s siguieron hasta la Alameda Benito Ju\u00e1rez, en Camerino Z. Mendoza, donde las autoridades municipales les brindaron atenci\u00f3n m\u00e9dica y tambi\u00e9n les dieron de comer.<\/p>\n\n\n\n<p>La caravana migrante \u201c\u00c9xodo de la Pobreza\u201d es custodiada por elementos de la Polic\u00eda Estatal, Fuerza Civil, as\u00ed como personal del Instituto Nacional de Migraci\u00f3n, Protecci\u00f3n Civil Municipal y Estatal. Tambi\u00e9n hay presencia de m\u00e9dicos y enfermeras de la Jurisdicci\u00f3n Sanitaria n\u00famero 7 del municipio de Orizaba.<\/p>\n\n\n\n<p>La caravana sigue su camino mientras el presidente de Estados Unidos, Joe Biden, amenaza con cerrar la frontera con M\u00e9xico para frenar el flujo migratorio, situaci\u00f3n que contraviene los acuerdos pactados con el gobierno mexicano.<\/p>\n","protected":false},"excerpt":{"rendered":"<p>Juan Arcos Xalapa, Ver.- Los 400 migrantes centroamericanos de la caravana \u201c\u00c9xodo de la Pobreza&#8221; avanzaron en la zona central monta\u00f1osa del estado de Veracruz, y llegaron a Tecamalucan, localidad del municipio de Acultzingo, donde pasar\u00e1n la noche de este viernes 2 de febrero y continuar\u00e1n ma\u00f1ana su camino con direcci\u00f3n a Tehuac\u00e1n, estado de [&hellip;]<\/p>\n","protected":false},"author":2476,"featured_media":50180,"comment_status":"open","ping_status":"open","sticky":false,"template":"","format":"standard","meta":{"_jetpack_memberships_contains_paid_content":false,"footnotes":""},"categories":[2],"tags":[],"class_list":["post-50179","post","type-post","status-publish","format-standard","has-post-thumbnail","hentry","category-estado"],"jetpack_featured_media_url":"https:\/\/encuentroinformativo.com.mx\/wp-content\/uploads\/2024\/02\/f59c0142-627c-41fb-8fbf-95a4296ce8032.jpg","jetpack_sharing_enabled":true,"jetpack_likes_enabled":true,"amp_enabled":true,"_links":{"self":[{"href":"https:\/\/encuentroinformativo.com.mx\/index.php?rest_route=\/wp\/v2\/posts\/50179","targetHints":{"allow":["GET"]}}],"collection":[{"href":"https:\/\/encuentroinformativo.com.mx\/index.php?rest_route=\/wp\/v2\/posts"}],"about":[{"href":"https:\/\/encuentroinformativo.com.mx\/index.php?rest_route=\/wp\/v2\/types\/post"}],"author":[{"embeddable":true,"href":"https:\/\/encuentroinformativo.com.mx\/index.php?rest_route=\/wp\/v2\/users\/2476"}],"replies":[{"embeddable":true,"href":"https:\/\/encuentroinformativo.com.mx\/index.php?rest_route=%2Fwp%2Fv2%2Fcomments&post=50179"}],"version-history":[{"count":1,"href":"https:\/\/encuentroinformativo.com.mx\/index.php?rest_route=\/wp\/v2\/posts\/50179\/revisions"}],"predecessor-version":[{"id":50181,"href":"https:\/\/encuentroinformativo.com.mx\/index.php?rest_route=\/wp\/v2\/posts\/50179\/revisions\/50181"}],"wp:featuredmedia":[{"embeddable":true,"href":"https:\/\/encuentroinformativo.com.mx\/index.php?rest_route=\/wp\/v2\/media\/50180"}],"wp:attachment":[{"href":"https:\/\/encuentroinformativo.com.mx\/index.php?rest_route=%2Fwp%2Fv2%2Fmedia&parent=50179"}],"wp:term":[{"taxonomy":"category","embeddable":true,"href":"https:\/\/encuentroinformativo.com.mx\/index.php?rest_route=%2Fwp%2Fv2%2Fcategories&post=50179"},{"taxonomy":"post_tag","embeddable":true,"href":"https:\/\/encuentroinformativo.com.mx\/index.php?rest_route=%2Fwp%2Fv2%2Ftags&post=50179"}],"curies":[{"name":"wp","href":"https:\/\/api.w.org\/{rel}","templated":true}]}}