{"id":50186,"date":"2024-02-03T14:22:46","date_gmt":"2024-02-03T20:22:46","guid":{"rendered":"https:\/\/encuentroinformativo.com.mx\/?p=50186"},"modified":"2024-02-03T14:22:52","modified_gmt":"2024-02-03T20:22:52","slug":"candidatos-de-morena-no-caeran-en-descalificaciones-segun-dirigente","status":"publish","type":"post","link":"https:\/\/encuentroinformativo.com.mx\/?p=50186","title":{"rendered":"Candidatos de Morena no caer\u00e1n en descalificaciones, seg\u00fan dirigente"},"content":{"rendered":"\n<p><strong>Dar\u00edo Pale <\/strong><\/p>\n\n\n\n<p>Xalapa, Ver.- El dirigente estatal del partido Movimiento de Regeneraci\u00f3n Nacional (MORENA), Esteban Ram\u00edrez Zepeta dio a conocer que, las precandidatas y precandidatos de la coalici\u00f3n &#8220;Sigamos Haciendo Historia en Veracruz&#8221; no recurrir\u00e1n a las descalificaciones contra sus adversarios durante el proceso electoral. \u00a0<\/p>\n\n\n\n<p>En entrevista subray\u00f3 que la precandidata al gobierno del estado, Roc\u00edo Nhale ha sido clara en pedir que no se caiga en provocaciones. \u00a0<\/p>\n\n\n\n<p>&#8220;No debemos normalizar ni naturalizar los golpeteos, aqu\u00ed debemos ser respetuosos de todas y de todos y nosotros avanzar, la ingeniera Roc\u00edo Nahle nos ha pedido no caer en provocaciones, no contestar a los insultos, a las groser\u00edas, a todo eso que algunos del Frente est\u00e1n queriendo provocar&#8221;, se\u00f1al\u00f3.<\/p>\n\n\n\n<p>&#8220;Nosotros vamos a seguir trabajando, lo que nos ocupa es estar cerca de la militancia y de los simpatizantes en este momento que es lo que nos permite el \u00d3rgano Electoral y posteriormente, cuando arranquemos a campa\u00f1a, abrir pr\u00e1cticamente el mensaje a todas y todos los ciudadanos en Veracruz&#8221;, agreg\u00f3.<\/p>\n\n\n\n<p>Explic\u00f3 que no debe ser normal que, durante los tiempos electorales, los partidos y actores pol\u00edticos recurran a la descalificaci\u00f3n para tratar de ganar simpatizantes.<\/p>\n\n\n\n<p>En otro orden de ideas dio a conocer que ser\u00e1 en el municipio de Alvarado donde la precandidata a la gubernatura a la coalici\u00f3n \u201cSigamos haciendo historia en Veracruz&#8221;, Roc\u00edo Nahle Garc\u00eda, cierre su precampa\u00f1a el pr\u00f3ximo 10 de febrero. \u00a0<\/p>\n\n\n\n<p>Destac\u00f3 que la precandidata \u00fanica de la coalici\u00f3n Morena-PT-PVEM y Fuerza por M\u00e9xico ha sido cercana a los simpatizantes de estos partidos y con la poblaci\u00f3n de los municipios en el estado. \u00a0<\/p>\n\n\n\n<p>Finalmente se\u00f1al\u00f3 que, &#8220;el 10 de febrero se termina esta precampa\u00f1a que, por cierto, lo queremos hacer en el municipio de Alvarado. Es una nueva distritaci\u00f3n local, antes esa cabecera estaba en Medell\u00edn, ahora pasa a Alvarado y por eso queremos nosotros estar en aquella zona, en el cierre de precampa\u00f1a el 10 de febrero&#8221;.<\/p>\n","protected":false},"excerpt":{"rendered":"<p>Dar\u00edo Pale Xalapa, Ver.- El dirigente estatal del partido Movimiento de Regeneraci\u00f3n Nacional (MORENA), Esteban Ram\u00edrez Zepeta dio a conocer que, las precandidatas y precandidatos de la coalici\u00f3n &#8220;Sigamos Haciendo Historia en Veracruz&#8221; no recurrir\u00e1n a las descalificaciones contra sus adversarios durante el proceso electoral. \u00a0 En entrevista subray\u00f3 que la precandidata al gobierno del [&hellip;]<\/p>\n","protected":false},"author":2476,"featured_media":47546,"comment_status":"open","ping_status":"open","sticky":false,"template":"","format":"standard","meta":{"_jetpack_memberships_contains_paid_content":false,"footnotes":""},"categories":[2],"tags":[],"class_list":["post-50186","post","type-post","status-publish","format-standard","has-post-thumbnail","hentry","category-estado"],"jetpack_featured_media_url":"https:\/\/encuentroinformativo.com.mx\/wp-content\/uploads\/2023\/11\/IMG-20231115-WA0037.jpg","jetpack_sharing_enabled":true,"jetpack_likes_enabled":true,"amp_enabled":true,"_links":{"self":[{"href":"https:\/\/encuentroinformativo.com.mx\/index.php?rest_route=\/wp\/v2\/posts\/50186","targetHints":{"allow":["GET"]}}],"collection":[{"href":"https:\/\/encuentroinformativo.com.mx\/index.php?rest_route=\/wp\/v2\/posts"}],"about":[{"href":"https:\/\/encuentroinformativo.com.mx\/index.php?rest_route=\/wp\/v2\/types\/post"}],"author":[{"embeddable":true,"href":"https:\/\/encuentroinformativo.com.mx\/index.php?rest_route=\/wp\/v2\/users\/2476"}],"replies":[{"embeddable":true,"href":"https:\/\/encuentroinformativo.com.mx\/index.php?rest_route=%2Fwp%2Fv2%2Fcomments&post=50186"}],"version-history":[{"count":1,"href":"https:\/\/encuentroinformativo.com.mx\/index.php?rest_route=\/wp\/v2\/posts\/50186\/revisions"}],"predecessor-version":[{"id":50187,"href":"https:\/\/encuentroinformativo.com.mx\/index.php?rest_route=\/wp\/v2\/posts\/50186\/revisions\/50187"}],"wp:featuredmedia":[{"embeddable":true,"href":"https:\/\/encuentroinformativo.com.mx\/index.php?rest_route=\/wp\/v2\/media\/47546"}],"wp:attachment":[{"href":"https:\/\/encuentroinformativo.com.mx\/index.php?rest_route=%2Fwp%2Fv2%2Fmedia&parent=50186"}],"wp:term":[{"taxonomy":"category","embeddable":true,"href":"https:\/\/encuentroinformativo.com.mx\/index.php?rest_route=%2Fwp%2Fv2%2Fcategories&post=50186"},{"taxonomy":"post_tag","embeddable":true,"href":"https:\/\/encuentroinformativo.com.mx\/index.php?rest_route=%2Fwp%2Fv2%2Ftags&post=50186"}],"curies":[{"name":"wp","href":"https:\/\/api.w.org\/{rel}","templated":true}]}}