{"id":50191,"date":"2024-02-03T09:30:13","date_gmt":"2024-02-03T15:30:13","guid":{"rendered":"https:\/\/encuentroinformativo.com.mx\/?p=50191"},"modified":"2024-02-03T14:32:30","modified_gmt":"2024-02-03T20:32:30","slug":"bullying-escolar-tema-recurrente-en-veracruz-diputada","status":"publish","type":"post","link":"https:\/\/encuentroinformativo.com.mx\/?p=50191","title":{"rendered":"Bullying escolar tema recurrente en Veracruz: Diputada"},"content":{"rendered":"\n<p><strong>Alejandro \u00c1vila<\/strong><\/p>\n\n\n\n<p>Veracruz, Ver.- M\u00e9xico ocupa el primer lugar en bullying escolar en educaci\u00f3n b\u00e1sica, y en particular en Veracruz hay un tema recurrente de violencia en las escuelas, lament\u00f3 la diputada local, Ver\u00f3nica Pulido Herrera.<\/p>\n\n\n\n<p>Ante esta situaci\u00f3n present\u00f3 un punto de acuerdo en el Congreso del Estado para exhortar a las autoridades estatales y municipales a adoptar y aplicar medidas y mecanismos para diagnosticar, prevenir y sancionar el acoso escolar y cualquier acto de violencia que atente contra los derechos humanos de los estudiantes.<\/p>\n\n\n\n<p>La legisladora del Partido Acci\u00f3n Nacional dijo que estas acciones se deben aplicar dentro y fuera de las instituciones educativas con base al ordenamiento de la Ley de Prevenci\u00f3n y Atenci\u00f3n del Acoso Escolar para el Estado de Veracruz.<\/p>\n\n\n\n<p>Expuso que ante la violencia que en el pa\u00eds escala niveles indescriptibles en deterioro y descomposici\u00f3n del tejido social, afectando en gran medida al sector educativo, se hace necesario promover una educaci\u00f3n en y para la tolerancia, la solidaridad, la concordia, el respeto a los derechos humanos, la no violencia y la paz.<\/p>\n\n\n\n<p>Ver\u00f3nica Pulidi record\u00f3 que el pasado martes 30 de enero se conmemor\u00f3 el D\u00eda Escolar de la No Violencia y la Paz, por lo que se pronunci\u00f3 por legislar por un entorno escolar seguro y libre de violencia.<\/p>\n\n\n\n<p>En ese sentido, dijo que las estad\u00edsticas de la Organizaci\u00f3n para la Cooperaci\u00f3n y el Desarrollo Econ\u00f3mico (OCDE) arrojaron un alto grado de violencia escolar, revelando que en el a\u00f1o 2019 en M\u00e9xico m\u00e1s de 18 millones de estudiantes del nivel primaria y secundaria sufren de alg\u00fan tipo de violencia y que 7 de cada 10 ni\u00f1os sufren de este de maltrato.<\/p>\n\n\n\n<p>Adem\u00e1s se\u00f1al\u00f3 que la OCDE confirma que m\u00e1s del 40 por ciento reconocer ser v\u00edctima de acoso y que el 25.35 por ciento recibieron insultos y amenazas y el 17 por ciento fueron v\u00edctimas de violencia f\u00edsica y el 44 por ciento recibir violencia verbal, psicol\u00f3gica y f\u00edsica, incluso por medio de redes sociales.<\/p>\n\n\n\n<p>Con base en estos ordenamientos de ambas leyes, demand\u00f3 de las autoridades la implementaci\u00f3n de los mecanismos necesarios para resolver este tipo de casos al interior de las escuelas.<\/p>\n","protected":false},"excerpt":{"rendered":"<p>Alejandro \u00c1vila Veracruz, Ver.- M\u00e9xico ocupa el primer lugar en bullying escolar en educaci\u00f3n b\u00e1sica, y en particular en Veracruz hay un tema recurrente de violencia en las escuelas, lament\u00f3 la diputada local, Ver\u00f3nica Pulido Herrera. Ante esta situaci\u00f3n present\u00f3 un punto de acuerdo en el Congreso del Estado para exhortar a las autoridades estatales [&hellip;]<\/p>\n","protected":false},"author":2476,"featured_media":50192,"comment_status":"open","ping_status":"open","sticky":false,"template":"","format":"standard","meta":{"_jetpack_memberships_contains_paid_content":false,"footnotes":""},"categories":[2],"tags":[],"class_list":["post-50191","post","type-post","status-publish","format-standard","has-post-thumbnail","hentry","category-estado"],"jetpack_featured_media_url":"https:\/\/encuentroinformativo.com.mx\/wp-content\/uploads\/2024\/02\/IMG-20240203-WA00112.jpg","jetpack_sharing_enabled":true,"jetpack_likes_enabled":true,"amp_enabled":true,"_links":{"self":[{"href":"https:\/\/encuentroinformativo.com.mx\/index.php?rest_route=\/wp\/v2\/posts\/50191","targetHints":{"allow":["GET"]}}],"collection":[{"href":"https:\/\/encuentroinformativo.com.mx\/index.php?rest_route=\/wp\/v2\/posts"}],"about":[{"href":"https:\/\/encuentroinformativo.com.mx\/index.php?rest_route=\/wp\/v2\/types\/post"}],"author":[{"embeddable":true,"href":"https:\/\/encuentroinformativo.com.mx\/index.php?rest_route=\/wp\/v2\/users\/2476"}],"replies":[{"embeddable":true,"href":"https:\/\/encuentroinformativo.com.mx\/index.php?rest_route=%2Fwp%2Fv2%2Fcomments&post=50191"}],"version-history":[{"count":1,"href":"https:\/\/encuentroinformativo.com.mx\/index.php?rest_route=\/wp\/v2\/posts\/50191\/revisions"}],"predecessor-version":[{"id":50193,"href":"https:\/\/encuentroinformativo.com.mx\/index.php?rest_route=\/wp\/v2\/posts\/50191\/revisions\/50193"}],"wp:featuredmedia":[{"embeddable":true,"href":"https:\/\/encuentroinformativo.com.mx\/index.php?rest_route=\/wp\/v2\/media\/50192"}],"wp:attachment":[{"href":"https:\/\/encuentroinformativo.com.mx\/index.php?rest_route=%2Fwp%2Fv2%2Fmedia&parent=50191"}],"wp:term":[{"taxonomy":"category","embeddable":true,"href":"https:\/\/encuentroinformativo.com.mx\/index.php?rest_route=%2Fwp%2Fv2%2Fcategories&post=50191"},{"taxonomy":"post_tag","embeddable":true,"href":"https:\/\/encuentroinformativo.com.mx\/index.php?rest_route=%2Fwp%2Fv2%2Ftags&post=50191"}],"curies":[{"name":"wp","href":"https:\/\/api.w.org\/{rel}","templated":true}]}}