{"id":50197,"date":"2024-02-03T14:46:20","date_gmt":"2024-02-03T20:46:20","guid":{"rendered":"https:\/\/encuentroinformativo.com.mx\/?p=50197"},"modified":"2024-02-03T14:46:26","modified_gmt":"2024-02-03T20:46:26","slug":"confirman-concierto-de-edith-marquez-en-veracruz","status":"publish","type":"post","link":"https:\/\/encuentroinformativo.com.mx\/?p=50197","title":{"rendered":"Confirman concierto de Edith M\u00e1rquez en Veracruz"},"content":{"rendered":"\n<p><strong>Alejandro \u00c1vila<\/strong><\/p>\n\n\n\n<p>Veracruz, Ver.- A trav\u00e9s de sus redes sociales oficiales, la cantante Edith M\u00e1rquez confirma el concierto que ofrecer\u00e1 en Veracruz el pr\u00f3ximo viernes 3 de mayo en el auditorio \u201cBenito Ju\u00e1rez\u201d.<\/p>\n\n\n\n<p>Edith M\u00e1rquez llega por primera vez a Veracruz para ofrecer este gran concierto con el que se encuentra celebrando 25 a\u00f1os de trayectoria \u201cFrente a Ti\u201d con una cascada de \u00e9xitos que la han colocado como una de las favoritas de Am\u00e9rica Latina.&nbsp;&nbsp;<\/p>\n\n\n\n<p>Festeja con Edith M\u00e1rquez y RA Representaciones Art\u00edsticas el D\u00eda de las Madres, este viernes 3 de mayo en el Auditorio \u201cBenito Ju\u00e1rez\u201d.&nbsp; &nbsp; &nbsp;&nbsp;<\/p>\n\n\n\n<p>Informes: 229 419 9695<br>Facebook: RA Representaciones Art\u00edsticas<br>Boletos:&nbsp;tusboletos.mx&nbsp;<\/p>\n","protected":false},"excerpt":{"rendered":"<p>Alejandro \u00c1vila Veracruz, Ver.- A trav\u00e9s de sus redes sociales oficiales, la cantante Edith M\u00e1rquez confirma el concierto que ofrecer\u00e1 en Veracruz el pr\u00f3ximo viernes 3 de mayo en el auditorio \u201cBenito Ju\u00e1rez\u201d. Edith M\u00e1rquez llega por primera vez a Veracruz para ofrecer este gran concierto con el que se encuentra celebrando 25 a\u00f1os de [&hellip;]<\/p>\n","protected":false},"author":2476,"featured_media":50198,"comment_status":"open","ping_status":"open","sticky":false,"template":"","format":"standard","meta":{"_jetpack_memberships_contains_paid_content":false,"footnotes":""},"categories":[2],"tags":[],"class_list":["post-50197","post","type-post","status-publish","format-standard","has-post-thumbnail","hentry","category-estado"],"jetpack_featured_media_url":"https:\/\/encuentroinformativo.com.mx\/wp-content\/uploads\/2024\/02\/IMG-20240203-WA0009.jpg","jetpack_sharing_enabled":true,"jetpack_likes_enabled":true,"amp_enabled":true,"_links":{"self":[{"href":"https:\/\/encuentroinformativo.com.mx\/index.php?rest_route=\/wp\/v2\/posts\/50197","targetHints":{"allow":["GET"]}}],"collection":[{"href":"https:\/\/encuentroinformativo.com.mx\/index.php?rest_route=\/wp\/v2\/posts"}],"about":[{"href":"https:\/\/encuentroinformativo.com.mx\/index.php?rest_route=\/wp\/v2\/types\/post"}],"author":[{"embeddable":true,"href":"https:\/\/encuentroinformativo.com.mx\/index.php?rest_route=\/wp\/v2\/users\/2476"}],"replies":[{"embeddable":true,"href":"https:\/\/encuentroinformativo.com.mx\/index.php?rest_route=%2Fwp%2Fv2%2Fcomments&post=50197"}],"version-history":[{"count":1,"href":"https:\/\/encuentroinformativo.com.mx\/index.php?rest_route=\/wp\/v2\/posts\/50197\/revisions"}],"predecessor-version":[{"id":50199,"href":"https:\/\/encuentroinformativo.com.mx\/index.php?rest_route=\/wp\/v2\/posts\/50197\/revisions\/50199"}],"wp:featuredmedia":[{"embeddable":true,"href":"https:\/\/encuentroinformativo.com.mx\/index.php?rest_route=\/wp\/v2\/media\/50198"}],"wp:attachment":[{"href":"https:\/\/encuentroinformativo.com.mx\/index.php?rest_route=%2Fwp%2Fv2%2Fmedia&parent=50197"}],"wp:term":[{"taxonomy":"category","embeddable":true,"href":"https:\/\/encuentroinformativo.com.mx\/index.php?rest_route=%2Fwp%2Fv2%2Fcategories&post=50197"},{"taxonomy":"post_tag","embeddable":true,"href":"https:\/\/encuentroinformativo.com.mx\/index.php?rest_route=%2Fwp%2Fv2%2Ftags&post=50197"}],"curies":[{"name":"wp","href":"https:\/\/api.w.org\/{rel}","templated":true}]}}