{"id":5020,"date":"2020-08-18T11:27:44","date_gmt":"2020-08-18T16:27:44","guid":{"rendered":"https:\/\/encuentroinformativo.com\/?p=5020"},"modified":"2020-08-18T11:27:46","modified_gmt":"2020-08-18T16:27:46","slug":"por-contingencia-implementan-almacen-comunitario-de-alimentos","status":"publish","type":"post","link":"https:\/\/encuentroinformativo.com.mx\/?p=5020","title":{"rendered":"Por contingencia, implementan almac\u00e9n comunitario de alimentos"},"content":{"rendered":"\n<p><strong>Juan Arcos <\/strong><\/p>\n\n\n\n<p>Coatepec, Ver.- La asociaci\u00f3n civil Coatepec Digno ha replicado la iniciativa de otras ciudades del pa\u00eds para el funcionamiento de un almac\u00e9n comunitario de alimentos y as\u00ed apoyar a personas de escasos recursos o que perdieron su empleo durante esta pandemia del SARS-COV-2 (COVID-19).<\/p>\n\n\n\n<p>De acuerdo con el secretario general de la organizaci\u00f3n, Jos\u00e9 Gabriel Caro Tovar, el objetivo es que la sociedad civil se sume a la donaci\u00f3n de comida no perecedera, para que las personas que lo necesiten, obtengan productos de manera gratuita.<\/p>\n\n\n\n<p>\u201cEstamos ofreciendo ayuda a la gente que lo necesita por esta pandemia, para que pueda tomar algo de lo que est\u00e1 en el m\u00f3dulo, son productos de primera necesidad\u201d.<\/p>\n\n\n\n<p>Esta actividad se lleva a cabo en una ferreter\u00eda del Pueblo M\u00e1gico de Coatepec -a diez kil\u00f3metros de Xalapa-, ubicada sobre la calle Primera de Cuauht\u00e9moc n\u00famero 9.<\/p>\n\n\n\n<p>\u201cSi necesitas toma, si puedes dona\u201d, se lee en un cartel que fue colocado sobre un peque\u00f1o anaquel, donde hay bolsas con sopa de pasta, huevos, aceite comestible y paquetes de papel higi\u00e9nico.<\/p>\n\n\n\n<p>Las personas interesadas en apoyar la causa o que requieran alimentos pueden acudir al local mencionado, en un horario de 15:00 a 18:00 horas.<\/p>\n\n\n\n<p>La organizaci\u00f3n Coatepec Digno fue creada en 2004 y es presidida por el ingeniero P\u00edo Fernando M\u00e9ndez Jaime.<\/p>\n\n\n\n<p>Desde entonces, busca, a trav\u00e9s de proyectos e iniciativas, convocar a la unidad social, mediante la inclusi\u00f3n y organizaci\u00f3n de la poblaci\u00f3n coatepecana.<\/p>\n\n\n\n<p>Por tal motivo, se convoca a la comunidad para que participe en la donaci\u00f3n y difusi\u00f3n del apoyo de alimentos no perecederos, con el prop\u00f3sito de ayudar a un mayor n\u00famero de personas que se hayan visto afectadas por la pandemia.<\/p>\n","protected":false},"excerpt":{"rendered":"<p>Juan Arcos Coatepec, Ver.- La asociaci\u00f3n civil Coatepec Digno ha replicado la iniciativa de otras ciudades del pa\u00eds para el funcionamiento de un almac\u00e9n comunitario de alimentos y as\u00ed apoyar a personas de escasos recursos o que perdieron su empleo durante esta pandemia del SARS-COV-2 (COVID-19). De acuerdo con el secretario general de la organizaci\u00f3n, [&hellip;]<\/p>\n","protected":false},"author":1,"featured_media":5021,"comment_status":"open","ping_status":"open","sticky":false,"template":"","format":"standard","meta":{"_jetpack_memberships_contains_paid_content":false,"footnotes":""},"categories":[8],"tags":[],"class_list":["post-5020","post","type-post","status-publish","format-standard","has-post-thumbnail","hentry","category-region"],"jetpack_featured_media_url":"https:\/\/encuentroinformativo.com.mx\/wp-content\/uploads\/2020\/08\/8316E786-50F7-421E-8DD9-BCA49C562202.jpeg","jetpack_sharing_enabled":true,"jetpack_likes_enabled":true,"amp_enabled":true,"_links":{"self":[{"href":"https:\/\/encuentroinformativo.com.mx\/index.php?rest_route=\/wp\/v2\/posts\/5020","targetHints":{"allow":["GET"]}}],"collection":[{"href":"https:\/\/encuentroinformativo.com.mx\/index.php?rest_route=\/wp\/v2\/posts"}],"about":[{"href":"https:\/\/encuentroinformativo.com.mx\/index.php?rest_route=\/wp\/v2\/types\/post"}],"author":[{"embeddable":true,"href":"https:\/\/encuentroinformativo.com.mx\/index.php?rest_route=\/wp\/v2\/users\/1"}],"replies":[{"embeddable":true,"href":"https:\/\/encuentroinformativo.com.mx\/index.php?rest_route=%2Fwp%2Fv2%2Fcomments&post=5020"}],"version-history":[{"count":1,"href":"https:\/\/encuentroinformativo.com.mx\/index.php?rest_route=\/wp\/v2\/posts\/5020\/revisions"}],"predecessor-version":[{"id":5022,"href":"https:\/\/encuentroinformativo.com.mx\/index.php?rest_route=\/wp\/v2\/posts\/5020\/revisions\/5022"}],"wp:featuredmedia":[{"embeddable":true,"href":"https:\/\/encuentroinformativo.com.mx\/index.php?rest_route=\/wp\/v2\/media\/5021"}],"wp:attachment":[{"href":"https:\/\/encuentroinformativo.com.mx\/index.php?rest_route=%2Fwp%2Fv2%2Fmedia&parent=5020"}],"wp:term":[{"taxonomy":"category","embeddable":true,"href":"https:\/\/encuentroinformativo.com.mx\/index.php?rest_route=%2Fwp%2Fv2%2Fcategories&post=5020"},{"taxonomy":"post_tag","embeddable":true,"href":"https:\/\/encuentroinformativo.com.mx\/index.php?rest_route=%2Fwp%2Fv2%2Ftags&post=5020"}],"curies":[{"name":"wp","href":"https:\/\/api.w.org\/{rel}","templated":true}]}}