{"id":50228,"date":"2024-02-04T21:59:31","date_gmt":"2024-02-05T03:59:31","guid":{"rendered":"https:\/\/encuentroinformativo.com.mx\/?p=50228"},"modified":"2024-02-04T21:59:36","modified_gmt":"2024-02-05T03:59:36","slug":"un-muerto-y-dos-heridos-dejo-accidente-sobre-la-xalapa-totutla","status":"publish","type":"post","link":"https:\/\/encuentroinformativo.com.mx\/?p=50228","title":{"rendered":"Un muerto y dos heridos, dej\u00f3 accidente sobre la Xalapa &#8211; Totutla"},"content":{"rendered":"\n<p><strong>Juan Arcos <\/strong><\/p>\n\n\n\n<p>Xalapa, Ver.- Una persona muri\u00f3 y dos m\u00e1s resultaron heridas tras un accidente sobre la carretera Xalapa-Totutla entre un veh\u00edculo compacto y una camioneta, misma que qued\u00f3 volcada sobre la v\u00eda de comunicaci\u00f3n.<\/p>\n\n\n\n<p>Esto sucedi\u00f3 en la zona conocida como \u201cEl vado\u201d, a la altura de la localidad Tuzamapan, municipio de Coatepec, en la regi\u00f3n capital del estado de Veracruz.<\/p>\n\n\n\n<p>Al sitio arribaron polic\u00edas municipales y personal de Protecci\u00f3n Civil de Coatepec, as\u00ed como elementos del Grupo Panteras de la Secretar\u00eda de Seguridad P\u00fablica (SSP) para brindar la atenci\u00f3n correspondiente.<\/p>\n\n\n\n<p>Los veh\u00edculos que participaron en el percance fue un SEAT-Ibiza, color azul, y una camioneta de batea, modelo antiguo, color roja con franjas amarillas.<\/p>\n\n\n\n<p>La zona fue acordonada en espera de los elementos de la Polic\u00eda Ministerial y del personal de la Direcci\u00f3n General de Servicios Periciales.<\/p>\n\n\n\n<p>La circulaci\u00f3n vehicular fue obstruida en ambos sentidos durante varias horas, mientras se llevaban a cabo las maniobras para el retiro del cuerpo y de las unidades siniestradas.<\/p>\n\n\n\n<p>Los cuerpos de rescate confirmaron que el fallecido era Juli\u00e1n, de 50 a\u00f1os, vecino de la comunidad Tuzamapan.<\/p>\n\n\n\n<p>Uno de los lesionados fue valorado por param\u00e9dicos en el lugar del accidente sin requerir traslado a un hospital de la regi\u00f3n capital de Veracruz.<\/p>\n\n\n\n<figure class=\"wp-block-image size-large\"><img loading=\"lazy\" decoding=\"async\" width=\"1024\" height=\"768\" src=\"https:\/\/encuentroinformativo.com.mx\/wp-content\/uploads\/2024\/02\/IMG_7495-1024x768.jpg\" alt=\"\" class=\"wp-image-50230\" srcset=\"https:\/\/encuentroinformativo.com.mx\/wp-content\/uploads\/2024\/02\/IMG_7495-1024x768.jpg 1024w, https:\/\/encuentroinformativo.com.mx\/wp-content\/uploads\/2024\/02\/IMG_7495-300x225.jpg 300w, https:\/\/encuentroinformativo.com.mx\/wp-content\/uploads\/2024\/02\/IMG_7495-768x576.jpg 768w, https:\/\/encuentroinformativo.com.mx\/wp-content\/uploads\/2024\/02\/IMG_7495.jpg 1080w\" sizes=\"auto, (max-width: 1024px) 100vw, 1024px\" \/><\/figure>\n","protected":false},"excerpt":{"rendered":"<p>Juan Arcos Xalapa, Ver.- Una persona muri\u00f3 y dos m\u00e1s resultaron heridas tras un accidente sobre la carretera Xalapa-Totutla entre un veh\u00edculo compacto y una camioneta, misma que qued\u00f3 volcada sobre la v\u00eda de comunicaci\u00f3n. Esto sucedi\u00f3 en la zona conocida como \u201cEl vado\u201d, a la altura de la localidad Tuzamapan, municipio de Coatepec, en [&hellip;]<\/p>\n","protected":false},"author":2476,"featured_media":50229,"comment_status":"open","ping_status":"open","sticky":false,"template":"","format":"standard","meta":{"_jetpack_memberships_contains_paid_content":false,"footnotes":""},"categories":[8],"tags":[],"class_list":["post-50228","post","type-post","status-publish","format-standard","has-post-thumbnail","hentry","category-region"],"jetpack_featured_media_url":"https:\/\/encuentroinformativo.com.mx\/wp-content\/uploads\/2024\/02\/IMG_7494.jpg","jetpack_sharing_enabled":true,"jetpack_likes_enabled":true,"amp_enabled":true,"_links":{"self":[{"href":"https:\/\/encuentroinformativo.com.mx\/index.php?rest_route=\/wp\/v2\/posts\/50228","targetHints":{"allow":["GET"]}}],"collection":[{"href":"https:\/\/encuentroinformativo.com.mx\/index.php?rest_route=\/wp\/v2\/posts"}],"about":[{"href":"https:\/\/encuentroinformativo.com.mx\/index.php?rest_route=\/wp\/v2\/types\/post"}],"author":[{"embeddable":true,"href":"https:\/\/encuentroinformativo.com.mx\/index.php?rest_route=\/wp\/v2\/users\/2476"}],"replies":[{"embeddable":true,"href":"https:\/\/encuentroinformativo.com.mx\/index.php?rest_route=%2Fwp%2Fv2%2Fcomments&post=50228"}],"version-history":[{"count":1,"href":"https:\/\/encuentroinformativo.com.mx\/index.php?rest_route=\/wp\/v2\/posts\/50228\/revisions"}],"predecessor-version":[{"id":50231,"href":"https:\/\/encuentroinformativo.com.mx\/index.php?rest_route=\/wp\/v2\/posts\/50228\/revisions\/50231"}],"wp:featuredmedia":[{"embeddable":true,"href":"https:\/\/encuentroinformativo.com.mx\/index.php?rest_route=\/wp\/v2\/media\/50229"}],"wp:attachment":[{"href":"https:\/\/encuentroinformativo.com.mx\/index.php?rest_route=%2Fwp%2Fv2%2Fmedia&parent=50228"}],"wp:term":[{"taxonomy":"category","embeddable":true,"href":"https:\/\/encuentroinformativo.com.mx\/index.php?rest_route=%2Fwp%2Fv2%2Fcategories&post=50228"},{"taxonomy":"post_tag","embeddable":true,"href":"https:\/\/encuentroinformativo.com.mx\/index.php?rest_route=%2Fwp%2Fv2%2Ftags&post=50228"}],"curies":[{"name":"wp","href":"https:\/\/api.w.org\/{rel}","templated":true}]}}