{"id":50232,"date":"2024-02-05T11:52:46","date_gmt":"2024-02-05T17:52:46","guid":{"rendered":"https:\/\/encuentroinformativo.com.mx\/?p=50232"},"modified":"2024-02-05T11:52:52","modified_gmt":"2024-02-05T17:52:52","slug":"alista-congreso-celebracion-por-los-200-anos","status":"publish","type":"post","link":"https:\/\/encuentroinformativo.com.mx\/?p=50232","title":{"rendered":"Alista Congreso celebraci\u00f3n por los 200 a\u00f1os"},"content":{"rendered":"\n<p><strong>Dar\u00edo Pale<\/strong><\/p>\n\n\n\n<p>Xalapa, Ver.- La diputada presidenta de la Mesa Directiva del Congreso del Estado, Adriana Esther Mart\u00ednez S\u00e1nchez, dio a conocer que el 9 de mayo de este a\u00f1o el Congreso cumple 200 a\u00f1os de su creaci\u00f3n, por lo que se realizar\u00e1 una sesi\u00f3n solemne, cuya sede podr\u00eda ser el propio palacio Legislativo o San Juan de Ul\u00faa, ubicado en el puerto de Veracruz.<\/p>\n\n\n\n<p>En entrevista, realizada en el parque Benito Ju\u00e1rez, tras el izamiento de la Bandera Nacional en conmemoraci\u00f3n de las promulgaciones de 1857 y 1917, se\u00f1al\u00f3 que ambas sedes se analizan, de acuerdo a la importancia que tiene este festejo.<\/p>\n\n\n\n<p>\u201cVamos a participar en los 200 a\u00f1os pr\u00f3ximos del Congreso del Estado, que ser\u00e1 un evento para explicar a todos los ciudadanos veracruzanos c\u00f3mo se ha transitado en esta historia y sobre todo que Veracruz ha sido el parteaguas en el desarrollo y en la historia de M\u00e9xico.&#8221;, se\u00f1al\u00f3.<\/p>\n\n\n\n<p>&#8220;En las cuatro etapas que hemos vivido, Veracruz ha sido basti\u00f3n de lucha, muchos luchadores sociales, hist\u00f3ricos, han salido de aqu\u00ed de Veracruz, de Xalapa, de Perote, del puerto, de muchos lugares del estado\u201d, agreg\u00f3.<\/p>\n\n\n\n<p>Refiri\u00f3 que se analiza con el presidente de la Junta de Coordinaci\u00f3n Pol\u00edtica, Juan Javier G\u00f3mez Cazar\u00edn, el espacio en donde se desarrollar\u00e1 la sesi\u00f3n solemne.<\/p>\n\n\n\n<p>\u201cEstamos analizando ya apenas todos los detalles, d\u00f3nde lo vamos a hacer, pues tenemos pensados dos puntos, pero apenas lo vamos a aterrizar, uno pues ser\u00eda en el Congreso del Estado y el otro probablemente, porque hay que hacer tr\u00e1mites, en San Juan de Ul\u00faa, un recinto tambi\u00e9n hist\u00f3rico, importante para Veracruz\u201d, coment\u00f3.<\/p>\n\n\n\n<p>Afirm\u00f3 que el Congreso de Veracruz trabaja para los ciudadanos, adem\u00e1s de que se han tenido grandes avances como la paridad de g\u00e9nero y se hacen leyes con base en las necesidades de la poblaci\u00f3n.<\/p>\n\n\n\n<p>Adem\u00e1s, presumi\u00f3 que todas las acciones emprendidas desde la Legislatura local se hace con una austeridad republicana.<\/p>\n\n\n\n<p>&#8220;Todos estamos trabajando para que a todos les vaya bien. Es un orgullo, vamos a participar en los 200 a\u00f1os del Congreso del Estado, ser\u00e1 un evento&#8221;, destac\u00f3.<\/p>\n\n\n\n<p>Mart\u00ednez S\u00e1nchez mencion\u00f3 que Veracruz ha sido un basti\u00f3n de lucha, adem\u00e1s de que muchos luchadores nacieron en este estado.<\/p>\n\n\n\n<p>Finalmente se\u00f1al\u00f3 que, &#8220;es un honor y un orgullo que desde el Congreso del Estado sigamos defendiendo esas causas&#8221;.<\/p>\n","protected":false},"excerpt":{"rendered":"<p>Dar\u00edo Pale Xalapa, Ver.- La diputada presidenta de la Mesa Directiva del Congreso del Estado, Adriana Esther Mart\u00ednez S\u00e1nchez, dio a conocer que el 9 de mayo de este a\u00f1o el Congreso cumple 200 a\u00f1os de su creaci\u00f3n, por lo que se realizar\u00e1 una sesi\u00f3n solemne, cuya sede podr\u00eda ser el propio palacio Legislativo o [&hellip;]<\/p>\n","protected":false},"author":2476,"featured_media":50233,"comment_status":"open","ping_status":"open","sticky":false,"template":"","format":"standard","meta":{"_jetpack_memberships_contains_paid_content":false,"footnotes":""},"categories":[2],"tags":[],"class_list":["post-50232","post","type-post","status-publish","format-standard","has-post-thumbnail","hentry","category-estado"],"jetpack_featured_media_url":"https:\/\/encuentroinformativo.com.mx\/wp-content\/uploads\/2024\/02\/IMG-20240205-WA00222.jpg","jetpack_sharing_enabled":true,"jetpack_likes_enabled":true,"amp_enabled":true,"_links":{"self":[{"href":"https:\/\/encuentroinformativo.com.mx\/index.php?rest_route=\/wp\/v2\/posts\/50232","targetHints":{"allow":["GET"]}}],"collection":[{"href":"https:\/\/encuentroinformativo.com.mx\/index.php?rest_route=\/wp\/v2\/posts"}],"about":[{"href":"https:\/\/encuentroinformativo.com.mx\/index.php?rest_route=\/wp\/v2\/types\/post"}],"author":[{"embeddable":true,"href":"https:\/\/encuentroinformativo.com.mx\/index.php?rest_route=\/wp\/v2\/users\/2476"}],"replies":[{"embeddable":true,"href":"https:\/\/encuentroinformativo.com.mx\/index.php?rest_route=%2Fwp%2Fv2%2Fcomments&post=50232"}],"version-history":[{"count":1,"href":"https:\/\/encuentroinformativo.com.mx\/index.php?rest_route=\/wp\/v2\/posts\/50232\/revisions"}],"predecessor-version":[{"id":50234,"href":"https:\/\/encuentroinformativo.com.mx\/index.php?rest_route=\/wp\/v2\/posts\/50232\/revisions\/50234"}],"wp:featuredmedia":[{"embeddable":true,"href":"https:\/\/encuentroinformativo.com.mx\/index.php?rest_route=\/wp\/v2\/media\/50233"}],"wp:attachment":[{"href":"https:\/\/encuentroinformativo.com.mx\/index.php?rest_route=%2Fwp%2Fv2%2Fmedia&parent=50232"}],"wp:term":[{"taxonomy":"category","embeddable":true,"href":"https:\/\/encuentroinformativo.com.mx\/index.php?rest_route=%2Fwp%2Fv2%2Fcategories&post=50232"},{"taxonomy":"post_tag","embeddable":true,"href":"https:\/\/encuentroinformativo.com.mx\/index.php?rest_route=%2Fwp%2Fv2%2Ftags&post=50232"}],"curies":[{"name":"wp","href":"https:\/\/api.w.org\/{rel}","templated":true}]}}