{"id":50246,"date":"2024-02-05T14:49:53","date_gmt":"2024-02-05T20:49:53","guid":{"rendered":"https:\/\/encuentroinformativo.com.mx\/?p=50246"},"modified":"2024-02-05T14:49:59","modified_gmt":"2024-02-05T20:49:59","slug":"veracruzanos-aplicarian-voto-de-castigo-a-morena-raul-arias","status":"publish","type":"post","link":"https:\/\/encuentroinformativo.com.mx\/?p=50246","title":{"rendered":"Veracruzanos aplicar\u00edan &#8220;voto de castigo&#8221; a Morena: Ra\u00fal Arias"},"content":{"rendered":"\n<p><strong>Alejandro \u00c1vila<\/strong><\/p>\n\n\n\n<p>Veracruz, Ver.- El ex rector de la Universidad Veracruzana, Ra\u00fal Arias Lovillo, dijo que en las pr\u00f3ximas elecciones los veracruzanos podr\u00edan aplicar el &#8220;voto de castigo&#8221; a Morena, debido a la mala gesti\u00f3n y promesas incumplidas del gobernador, Cuitl\u00e1huac Garc\u00eda Jim\u00e9nez.<\/p>\n\n\n\n<p>Incluso, apunt\u00f3 que en la pasada contienda la gente \u201cvot\u00f3 por desconocidos, inconforme y cansada de la pol\u00edtica\u201d.<\/p>\n\n\n\n<p>El acad\u00e9mico, dijo que los ciudadanos ya conocen las consecuencias de no hacer conciencia al momento de votar, por lo que en este proceso se decantar\u00e1n por un gobierno de coalici\u00f3n y afirm\u00f3 que existe una oportunidad para que la gente participe activamente en la construcci\u00f3n del gobierno estatal, su programa y proyectos esenciales.<\/p>\n\n\n\n<p>Sobre la conclusi\u00f3n de la actual administraci\u00f3n, dijo que el mandatario saliente Cuitl\u00e1huac Garc\u00eda Jim\u00e9nez ha dejado mucho que desear por lo que las inconformidades sociales son una constante.<\/p>\n\n\n\n<p>&#8220;El gobierno actual termina de la peor manera, sin un buen desempe\u00f1o. Se acumulan problemas, evidenciados en protestas. Urge el cambio en Veracruz, pol\u00edticas basadas en informaci\u00f3n y conocimiento&#8221; dijo.<\/p>\n\n\n\n<p>Puso como ejemplo las protestas de los maestros por falta de pagos, las inconformidades ciudadanas por la inseguridad.<\/p>\n\n\n\n<p>Las recientes afectaciones a bur\u00f3cratas con la reducci\u00f3n de sus vacaciones, los problemas de infraestructura carretera y los recientes hechos de violencia que se han desatado en la entidad.<\/p>\n\n\n\n<p>Por ello, apunt\u00f3 que muchos ciudadanos no quieren \u201cla continuidad\u201d de un gobierno que ha incumplido con la mayor\u00eda de sus promesas de campa\u00f1a y este descontento, seguramente se ver\u00e1 en los resultados electorales en contra de MORENA.<\/p>\n","protected":false},"excerpt":{"rendered":"<p>Alejandro \u00c1vila Veracruz, Ver.- El ex rector de la Universidad Veracruzana, Ra\u00fal Arias Lovillo, dijo que en las pr\u00f3ximas elecciones los veracruzanos podr\u00edan aplicar el &#8220;voto de castigo&#8221; a Morena, debido a la mala gesti\u00f3n y promesas incumplidas del gobernador, Cuitl\u00e1huac Garc\u00eda Jim\u00e9nez. Incluso, apunt\u00f3 que en la pasada contienda la gente \u201cvot\u00f3 por desconocidos, [&hellip;]<\/p>\n","protected":false},"author":2476,"featured_media":50247,"comment_status":"open","ping_status":"open","sticky":false,"template":"","format":"standard","meta":{"_jetpack_memberships_contains_paid_content":false,"footnotes":""},"categories":[2],"tags":[],"class_list":["post-50246","post","type-post","status-publish","format-standard","has-post-thumbnail","hentry","category-estado"],"jetpack_featured_media_url":"https:\/\/encuentroinformativo.com.mx\/wp-content\/uploads\/2024\/02\/IMG-20240205-WA0033.jpg","jetpack_sharing_enabled":true,"jetpack_likes_enabled":true,"amp_enabled":true,"_links":{"self":[{"href":"https:\/\/encuentroinformativo.com.mx\/index.php?rest_route=\/wp\/v2\/posts\/50246","targetHints":{"allow":["GET"]}}],"collection":[{"href":"https:\/\/encuentroinformativo.com.mx\/index.php?rest_route=\/wp\/v2\/posts"}],"about":[{"href":"https:\/\/encuentroinformativo.com.mx\/index.php?rest_route=\/wp\/v2\/types\/post"}],"author":[{"embeddable":true,"href":"https:\/\/encuentroinformativo.com.mx\/index.php?rest_route=\/wp\/v2\/users\/2476"}],"replies":[{"embeddable":true,"href":"https:\/\/encuentroinformativo.com.mx\/index.php?rest_route=%2Fwp%2Fv2%2Fcomments&post=50246"}],"version-history":[{"count":1,"href":"https:\/\/encuentroinformativo.com.mx\/index.php?rest_route=\/wp\/v2\/posts\/50246\/revisions"}],"predecessor-version":[{"id":50248,"href":"https:\/\/encuentroinformativo.com.mx\/index.php?rest_route=\/wp\/v2\/posts\/50246\/revisions\/50248"}],"wp:featuredmedia":[{"embeddable":true,"href":"https:\/\/encuentroinformativo.com.mx\/index.php?rest_route=\/wp\/v2\/media\/50247"}],"wp:attachment":[{"href":"https:\/\/encuentroinformativo.com.mx\/index.php?rest_route=%2Fwp%2Fv2%2Fmedia&parent=50246"}],"wp:term":[{"taxonomy":"category","embeddable":true,"href":"https:\/\/encuentroinformativo.com.mx\/index.php?rest_route=%2Fwp%2Fv2%2Fcategories&post=50246"},{"taxonomy":"post_tag","embeddable":true,"href":"https:\/\/encuentroinformativo.com.mx\/index.php?rest_route=%2Fwp%2Fv2%2Ftags&post=50246"}],"curies":[{"name":"wp","href":"https:\/\/api.w.org\/{rel}","templated":true}]}}