{"id":50249,"date":"2024-02-05T14:55:32","date_gmt":"2024-02-05T20:55:32","guid":{"rendered":"https:\/\/encuentroinformativo.com.mx\/?p=50249"},"modified":"2024-02-05T14:56:26","modified_gmt":"2024-02-05T20:56:26","slug":"ople-atento-ante-posibles-hechos-de-violencia-marisol-delgadillo","status":"publish","type":"post","link":"https:\/\/encuentroinformativo.com.mx\/?p=50249","title":{"rendered":"OPLE atento ante posibles hechos de violencia: Marisol Delgadillo"},"content":{"rendered":"\n<p><strong>Dar\u00edo Pale <\/strong><\/p>\n\n\n\n<p>Xalapa, Ver.- Est\u00e1n atentos a los hechos de violencia que pudieran estar vinculados a la organizaci\u00f3n del proceso electoral en Veracruz, as\u00ed lo dio a conocer la consejera presidenta del Organismo P\u00fablico Local Electoral (OPLE), Marisol Delgadillo Morales.<\/p>\n\n\n\n<p>En entrevista lament\u00f3 la muerte del l\u00edder del PRD en Cuitl\u00e1huac, Jos\u00e9 Alejandro Naredo, no obstante, se\u00f1al\u00f3 que ser\u00e1n las autoridades de la Fiscal\u00eda General del Estado (FGE) las que determinar\u00e1n el motivo del deceso del exmilitante partidista.&nbsp;<\/p>\n\n\n\n<p>Consider\u00f3 que el asesinato del militante no est\u00e1 relacionada con la organizaci\u00f3n de las elecciones, por lo que aclar\u00f3 que el OPLE ya est\u00e1 vinculado al gobierno del Estado y confi\u00f3 que en breve participar\u00e1n de la mesa de la paz, en la que tienen presencia altos mandos del gobierno del Estado y la Federaci\u00f3n, donde se reporta la situaci\u00f3n de seguridad de todo el estado.<\/p>\n\n\n\n<p>\u201cEstamos alertas, estamos vinculados ya con las autoridades competentes en materia de seguridad. Y le estamos dando seguimiento a cualquier situaci\u00f3n\u201d, se\u00f1al\u00f3.<\/p>\n\n\n\n<p>\u201cA la mesa de la paz no, pero ya tenemos la vinculaci\u00f3n con las autoridades competentes; tendr\u00edamos que formar parte, en su momento, en estas mesas para dar seguimiento, sobre todo el d\u00eda de la jornada electoral, que es el momento cuando la situaci\u00f3n m\u00e1s \u00e1lgida pudiera estar, y dar seguimiento al proceso electoral&#8221;, agreg\u00f3.<\/p>\n\n\n\n<p>Por \u00faltimo confi\u00f3 que en breve podr\u00e1n sumarse a la mesa de la paz, especialmente porque el periodo de campa\u00f1a de gobernador es del 31 de marzo al 30 de mayo, y diputaciones del 30 de abril al 30 de mayo.<\/p>\n","protected":false},"excerpt":{"rendered":"<p>Dar\u00edo Pale Xalapa, Ver.- Est\u00e1n atentos a los hechos de violencia que pudieran estar vinculados a la organizaci\u00f3n del proceso electoral en Veracruz, as\u00ed lo dio a conocer la consejera presidenta del Organismo P\u00fablico Local Electoral (OPLE), Marisol Delgadillo Morales. En entrevista lament\u00f3 la muerte del l\u00edder del PRD en Cuitl\u00e1huac, Jos\u00e9 Alejandro Naredo, no [&hellip;]<\/p>\n","protected":false},"author":2476,"featured_media":50252,"comment_status":"open","ping_status":"open","sticky":false,"template":"","format":"standard","meta":{"_jetpack_memberships_contains_paid_content":false,"footnotes":""},"categories":[2],"tags":[],"class_list":["post-50249","post","type-post","status-publish","format-standard","has-post-thumbnail","hentry","category-estado"],"jetpack_featured_media_url":"https:\/\/encuentroinformativo.com.mx\/wp-content\/uploads\/2024\/02\/IMG-20240205-WA00882.jpg","jetpack_sharing_enabled":true,"jetpack_likes_enabled":true,"amp_enabled":true,"_links":{"self":[{"href":"https:\/\/encuentroinformativo.com.mx\/index.php?rest_route=\/wp\/v2\/posts\/50249","targetHints":{"allow":["GET"]}}],"collection":[{"href":"https:\/\/encuentroinformativo.com.mx\/index.php?rest_route=\/wp\/v2\/posts"}],"about":[{"href":"https:\/\/encuentroinformativo.com.mx\/index.php?rest_route=\/wp\/v2\/types\/post"}],"author":[{"embeddable":true,"href":"https:\/\/encuentroinformativo.com.mx\/index.php?rest_route=\/wp\/v2\/users\/2476"}],"replies":[{"embeddable":true,"href":"https:\/\/encuentroinformativo.com.mx\/index.php?rest_route=%2Fwp%2Fv2%2Fcomments&post=50249"}],"version-history":[{"count":2,"href":"https:\/\/encuentroinformativo.com.mx\/index.php?rest_route=\/wp\/v2\/posts\/50249\/revisions"}],"predecessor-version":[{"id":50253,"href":"https:\/\/encuentroinformativo.com.mx\/index.php?rest_route=\/wp\/v2\/posts\/50249\/revisions\/50253"}],"wp:featuredmedia":[{"embeddable":true,"href":"https:\/\/encuentroinformativo.com.mx\/index.php?rest_route=\/wp\/v2\/media\/50252"}],"wp:attachment":[{"href":"https:\/\/encuentroinformativo.com.mx\/index.php?rest_route=%2Fwp%2Fv2%2Fmedia&parent=50249"}],"wp:term":[{"taxonomy":"category","embeddable":true,"href":"https:\/\/encuentroinformativo.com.mx\/index.php?rest_route=%2Fwp%2Fv2%2Fcategories&post=50249"},{"taxonomy":"post_tag","embeddable":true,"href":"https:\/\/encuentroinformativo.com.mx\/index.php?rest_route=%2Fwp%2Fv2%2Ftags&post=50249"}],"curies":[{"name":"wp","href":"https:\/\/api.w.org\/{rel}","templated":true}]}}