{"id":50258,"date":"2024-02-05T17:32:02","date_gmt":"2024-02-05T23:32:02","guid":{"rendered":"https:\/\/encuentroinformativo.com.mx\/?p=50258"},"modified":"2024-02-05T17:32:08","modified_gmt":"2024-02-05T23:32:08","slug":"sin-identificar-sujeto-que-se-ahorco-en-via-publica-en-medellin","status":"publish","type":"post","link":"https:\/\/encuentroinformativo.com.mx\/?p=50258","title":{"rendered":"Sin identificar sujeto que se ahorc\u00f3 en v\u00eda publica en Medell\u00edn"},"content":{"rendered":"\n<p><strong>Alejandro \u00c1vila<\/strong><\/p>\n\n\n\n<p>Medell\u00edn de Bravo, Ver.- En calidad de desconocido se encuentra el cuerpo del sujeto que termin\u00f3 con su vida tras colgarse en v\u00eda p\u00fablica, en el fraccionamiento Lagos de Puente Moreno en el municipio de Medell\u00edn de Bravo.<\/p>\n\n\n\n<p>La ma\u00f1ana de este lunes una persona con discapacidad que presuntamente pasaba por momentos dif\u00edciles, decide quitarse la vida en la v\u00eda p\u00fablica de la avenida Las Am\u00e9ricas y circuito Belice.<\/p>\n\n\n\n<p>T\u00e9cnicos en urgencias m\u00e9dicas de Protecci\u00f3n Civil municipal de Medell\u00edn de Bravo arribaron hasta ese sector para brindarle los primeros auxilios,&nbsp; pero desgraciadamente s\u00f3lo confirmaron que el infortunado hombre ya no contaba con signos vitales.<\/p>\n\n\n\n<p>Los colonos de la zona se\u00f1alaron que no conoc\u00edan a esa persona, pues apenas unos cinco d\u00edas atr\u00e1s lleg\u00f3 a deambular por sus calles ya que aparentemente no ten\u00eda casa ni familia y era sordomudo.<\/p>\n\n\n\n<p>Se trataba de un hombre de aproximadamente unos 35 a\u00f1os de edad, estatura promedio, tez morena y vest\u00eda ropa tipo militar.<\/p>\n\n\n\n<p>Elementos de la Polic\u00eda Estatal y Municipal llegaron para acordonar la escena, en tanto que personal de Servicios Periciales y de la Polic\u00eda Ministerial ordenaron el levantamiento del cuerpo que fue llevado al SEMEFO a la espera de su identificaci\u00f3n o de lo contrario ir\u00e1 a parar a la fosa com\u00fan.<\/p>\n","protected":false},"excerpt":{"rendered":"<p>Alejandro \u00c1vila Medell\u00edn de Bravo, Ver.- En calidad de desconocido se encuentra el cuerpo del sujeto que termin\u00f3 con su vida tras colgarse en v\u00eda p\u00fablica, en el fraccionamiento Lagos de Puente Moreno en el municipio de Medell\u00edn de Bravo. La ma\u00f1ana de este lunes una persona con discapacidad que presuntamente pasaba por momentos dif\u00edciles, [&hellip;]<\/p>\n","protected":false},"author":2476,"featured_media":50259,"comment_status":"open","ping_status":"open","sticky":false,"template":"","format":"standard","meta":{"_jetpack_memberships_contains_paid_content":false,"footnotes":""},"categories":[14],"tags":[],"class_list":["post-50258","post","type-post","status-publish","format-standard","has-post-thumbnail","hentry","category-policiaca"],"jetpack_featured_media_url":"https:\/\/encuentroinformativo.com.mx\/wp-content\/uploads\/2024\/02\/IMG-20240205-WA0090.jpg","jetpack_sharing_enabled":true,"jetpack_likes_enabled":true,"amp_enabled":true,"_links":{"self":[{"href":"https:\/\/encuentroinformativo.com.mx\/index.php?rest_route=\/wp\/v2\/posts\/50258","targetHints":{"allow":["GET"]}}],"collection":[{"href":"https:\/\/encuentroinformativo.com.mx\/index.php?rest_route=\/wp\/v2\/posts"}],"about":[{"href":"https:\/\/encuentroinformativo.com.mx\/index.php?rest_route=\/wp\/v2\/types\/post"}],"author":[{"embeddable":true,"href":"https:\/\/encuentroinformativo.com.mx\/index.php?rest_route=\/wp\/v2\/users\/2476"}],"replies":[{"embeddable":true,"href":"https:\/\/encuentroinformativo.com.mx\/index.php?rest_route=%2Fwp%2Fv2%2Fcomments&post=50258"}],"version-history":[{"count":1,"href":"https:\/\/encuentroinformativo.com.mx\/index.php?rest_route=\/wp\/v2\/posts\/50258\/revisions"}],"predecessor-version":[{"id":50260,"href":"https:\/\/encuentroinformativo.com.mx\/index.php?rest_route=\/wp\/v2\/posts\/50258\/revisions\/50260"}],"wp:featuredmedia":[{"embeddable":true,"href":"https:\/\/encuentroinformativo.com.mx\/index.php?rest_route=\/wp\/v2\/media\/50259"}],"wp:attachment":[{"href":"https:\/\/encuentroinformativo.com.mx\/index.php?rest_route=%2Fwp%2Fv2%2Fmedia&parent=50258"}],"wp:term":[{"taxonomy":"category","embeddable":true,"href":"https:\/\/encuentroinformativo.com.mx\/index.php?rest_route=%2Fwp%2Fv2%2Fcategories&post=50258"},{"taxonomy":"post_tag","embeddable":true,"href":"https:\/\/encuentroinformativo.com.mx\/index.php?rest_route=%2Fwp%2Fv2%2Ftags&post=50258"}],"curies":[{"name":"wp","href":"https:\/\/api.w.org\/{rel}","templated":true}]}}