{"id":5026,"date":"2020-08-18T12:52:09","date_gmt":"2020-08-18T17:52:09","guid":{"rendered":"https:\/\/encuentroinformativo.com\/?p=5026"},"modified":"2020-08-18T12:52:11","modified_gmt":"2020-08-18T17:52:11","slug":"frenan-ingreso-de-visitantes-a-jilotepec","status":"publish","type":"post","link":"https:\/\/encuentroinformativo.com.mx\/?p=5026","title":{"rendered":"Frenan ingreso de visitantes a Jilotepec"},"content":{"rendered":"\n<p><strong>Juan Arcos<\/strong> <\/p>\n\n\n\n<p>Xalapa, Ver.- El alcalde de Jilotepec, Sergio Fern\u00e1ndez Lara, revel\u00f3 que pudo contenerse el ingreso de for\u00e1neos al municipio en un 98 por ciento, durante el festejo a la Virgen de la Asunci\u00f3n, del 10 al 14 de agosto.<\/p>\n\n\n\n<p>El edil record\u00f3 que la fiesta patronal fue cancelada este a\u00f1o por la pandemia del SARS-COV-2 (COVID-19).<\/p>\n\n\n\n<p>\u201cLa tradici\u00f3n se llev\u00f3 de manera diferente. No hubo fiesta por parte de la administraci\u00f3n. No se llev\u00f3 a cabo por las medidas sanitarias\u201d.<\/p>\n\n\n\n<p>En ese sentido, refiri\u00f3 que fueron aplicadas medidas sanitarias para restringir la movilidad y as\u00ed evitar contagios y defunciones en el municipio, mismo que se ubica a diez kil\u00f3metros de la capital de Veracruz y colinda con Banderilla, Naolinco, Rafael Lucio y Tlacolulan.<\/p>\n\n\n\n<p>Record\u00f3 que fueron instalados m\u00f3dulos de vigilancia en el acceso al municipio, para impedir el ingreso de for\u00e1neos.<\/p>\n\n\n\n<p>En el operativo participaron elementos de la Polic\u00eda Estatal y Municipal, el Ej\u00e9rcito Mexicano, la Secretar\u00eda de Marina y Protecci\u00f3n Civil.<\/p>\n\n\n\n<p>Fern\u00e1ndez Lara dijo confiar en que las medidas preventivas que han sido implementadas ayudar\u00e1n a frenar los contagios en la demarcaci\u00f3n.<\/p>\n\n\n\n<p>\u201cS\u00ed ha habido contagios, pero la gente s\u00ed ha sido responsable de quedarse en casa y de tomar las medidas necesarias\u201d.<\/p>\n\n\n\n<p>Hasta el 17 de agosto, las autoridades sanitarias reportaron 25 casos positivos de COVID-19, cuatro defunciones y uno en investigaci\u00f3n.\u00a0<\/p>\n\n\n\n<p>Cabe recordar que Jilotepec tiene 23 comunidades y cerca de 17 mil 600 habitantes.<\/p>\n\n\n\n<p>Sin embargo, en las fiestas patronales de a\u00f1os anteriores, el municipio ha recibido hasta 120 mil visitantes, provenientes de distintos municipios de la regi\u00f3n central de la entidad.<\/p>\n\n\n\n<p><\/p>\n","protected":false},"excerpt":{"rendered":"<p>Juan Arcos Xalapa, Ver.- El alcalde de Jilotepec, Sergio Fern\u00e1ndez Lara, revel\u00f3 que pudo contenerse el ingreso de for\u00e1neos al municipio en un 98 por ciento, durante el festejo a la Virgen de la Asunci\u00f3n, del 10 al 14 de agosto. El edil record\u00f3 que la fiesta patronal fue cancelada este a\u00f1o por la pandemia [&hellip;]<\/p>\n","protected":false},"author":1,"featured_media":5027,"comment_status":"open","ping_status":"open","sticky":false,"template":"","format":"standard","meta":{"_jetpack_memberships_contains_paid_content":false,"footnotes":""},"categories":[8],"tags":[],"class_list":["post-5026","post","type-post","status-publish","format-standard","has-post-thumbnail","hentry","category-region"],"jetpack_featured_media_url":"https:\/\/encuentroinformativo.com.mx\/wp-content\/uploads\/2020\/08\/4C8DE407-6621-4DCC-946E-B380A6C95EA3.jpeg","jetpack_sharing_enabled":true,"jetpack_likes_enabled":true,"amp_enabled":true,"_links":{"self":[{"href":"https:\/\/encuentroinformativo.com.mx\/index.php?rest_route=\/wp\/v2\/posts\/5026","targetHints":{"allow":["GET"]}}],"collection":[{"href":"https:\/\/encuentroinformativo.com.mx\/index.php?rest_route=\/wp\/v2\/posts"}],"about":[{"href":"https:\/\/encuentroinformativo.com.mx\/index.php?rest_route=\/wp\/v2\/types\/post"}],"author":[{"embeddable":true,"href":"https:\/\/encuentroinformativo.com.mx\/index.php?rest_route=\/wp\/v2\/users\/1"}],"replies":[{"embeddable":true,"href":"https:\/\/encuentroinformativo.com.mx\/index.php?rest_route=%2Fwp%2Fv2%2Fcomments&post=5026"}],"version-history":[{"count":1,"href":"https:\/\/encuentroinformativo.com.mx\/index.php?rest_route=\/wp\/v2\/posts\/5026\/revisions"}],"predecessor-version":[{"id":5028,"href":"https:\/\/encuentroinformativo.com.mx\/index.php?rest_route=\/wp\/v2\/posts\/5026\/revisions\/5028"}],"wp:featuredmedia":[{"embeddable":true,"href":"https:\/\/encuentroinformativo.com.mx\/index.php?rest_route=\/wp\/v2\/media\/5027"}],"wp:attachment":[{"href":"https:\/\/encuentroinformativo.com.mx\/index.php?rest_route=%2Fwp%2Fv2%2Fmedia&parent=5026"}],"wp:term":[{"taxonomy":"category","embeddable":true,"href":"https:\/\/encuentroinformativo.com.mx\/index.php?rest_route=%2Fwp%2Fv2%2Fcategories&post=5026"},{"taxonomy":"post_tag","embeddable":true,"href":"https:\/\/encuentroinformativo.com.mx\/index.php?rest_route=%2Fwp%2Fv2%2Ftags&post=5026"}],"curies":[{"name":"wp","href":"https:\/\/api.w.org\/{rel}","templated":true}]}}