{"id":50266,"date":"2024-02-06T11:35:07","date_gmt":"2024-02-06T17:35:07","guid":{"rendered":"https:\/\/encuentroinformativo.com.mx\/?p=50266"},"modified":"2024-02-06T11:35:12","modified_gmt":"2024-02-06T17:35:12","slug":"padres-reclaman-maestro-para-telesecundaria-de-tlacolulan","status":"publish","type":"post","link":"https:\/\/encuentroinformativo.com.mx\/?p=50266","title":{"rendered":"Padres reclaman maestro para telesecundaria de Tlacolulan"},"content":{"rendered":"\n<p><strong>Dar\u00edo Pale <\/strong><\/p>\n\n\n\n<p>Xalapa, Ver.- Integrantes de la sociedad de padres de familia de la escuela Telesecundaria &#8220;Emilio Carballido Fentanes&#8221;, se manifestaron en las instalaciones de la Secretaria de Educaci\u00f3n de Veracruz (SEV), para solicitar un maestro.<\/p>\n\n\n\n<p>Entrevistada durante la manifestaci\u00f3n uno de los integrantes de la sociedad de padres de familia se\u00f1al\u00f3 que son de la la escuela Telesecundaria &#8220;Emilio Carballido Fentanes&#8221;, de la localidad de Huichila del municipio de Tlacolulan para solicitar de nueva cuenta un maestro para dicho plantel.<\/p>\n\n\n\n<p>Dieron a conocer que desde el mes de enero no cuentan con un maestro, seg\u00fan regresar\u00eda pero ya no volvi\u00f3, aparentemente solo era un suplente y daba segundo grado, cuando lleg\u00f3 les coment\u00f3 que estar\u00eda todo el ciclo pero no fue as\u00ed.<\/p>\n\n\n\n<p>Se\u00f1alaron que es cansado estar en esta situaci\u00f3n, sus hijos son atendidos por las dos maestras que est\u00e1n en el plantel pero no es lo mismo ya que no tienen la misma atenci\u00f3n y el aprendizaje no es el mismo y los menores no quieren ir a la escuela.<\/p>\n\n\n\n<p>Por \u00faltimo se\u00f1alaron que son 21 alumnos los que necesitan recibir una atenci\u00f3n adecuada por lo que es urgente que les designen un maestro para segundo a\u00f1o lo m\u00e1s pronto posible.<\/p>\n","protected":false},"excerpt":{"rendered":"<p>Dar\u00edo Pale Xalapa, Ver.- Integrantes de la sociedad de padres de familia de la escuela Telesecundaria &#8220;Emilio Carballido Fentanes&#8221;, se manifestaron en las instalaciones de la Secretaria de Educaci\u00f3n de Veracruz (SEV), para solicitar un maestro. Entrevistada durante la manifestaci\u00f3n uno de los integrantes de la sociedad de padres de familia se\u00f1al\u00f3 que son de [&hellip;]<\/p>\n","protected":false},"author":2476,"featured_media":50267,"comment_status":"open","ping_status":"open","sticky":false,"template":"","format":"standard","meta":{"_jetpack_memberships_contains_paid_content":false,"footnotes":""},"categories":[3],"tags":[],"class_list":["post-50266","post","type-post","status-publish","format-standard","has-post-thumbnail","hentry","category-xalapa"],"jetpack_featured_media_url":"https:\/\/encuentroinformativo.com.mx\/wp-content\/uploads\/2024\/02\/IMG-20240206-WA00222.jpg","jetpack_sharing_enabled":true,"jetpack_likes_enabled":true,"amp_enabled":true,"_links":{"self":[{"href":"https:\/\/encuentroinformativo.com.mx\/index.php?rest_route=\/wp\/v2\/posts\/50266","targetHints":{"allow":["GET"]}}],"collection":[{"href":"https:\/\/encuentroinformativo.com.mx\/index.php?rest_route=\/wp\/v2\/posts"}],"about":[{"href":"https:\/\/encuentroinformativo.com.mx\/index.php?rest_route=\/wp\/v2\/types\/post"}],"author":[{"embeddable":true,"href":"https:\/\/encuentroinformativo.com.mx\/index.php?rest_route=\/wp\/v2\/users\/2476"}],"replies":[{"embeddable":true,"href":"https:\/\/encuentroinformativo.com.mx\/index.php?rest_route=%2Fwp%2Fv2%2Fcomments&post=50266"}],"version-history":[{"count":1,"href":"https:\/\/encuentroinformativo.com.mx\/index.php?rest_route=\/wp\/v2\/posts\/50266\/revisions"}],"predecessor-version":[{"id":50268,"href":"https:\/\/encuentroinformativo.com.mx\/index.php?rest_route=\/wp\/v2\/posts\/50266\/revisions\/50268"}],"wp:featuredmedia":[{"embeddable":true,"href":"https:\/\/encuentroinformativo.com.mx\/index.php?rest_route=\/wp\/v2\/media\/50267"}],"wp:attachment":[{"href":"https:\/\/encuentroinformativo.com.mx\/index.php?rest_route=%2Fwp%2Fv2%2Fmedia&parent=50266"}],"wp:term":[{"taxonomy":"category","embeddable":true,"href":"https:\/\/encuentroinformativo.com.mx\/index.php?rest_route=%2Fwp%2Fv2%2Fcategories&post=50266"},{"taxonomy":"post_tag","embeddable":true,"href":"https:\/\/encuentroinformativo.com.mx\/index.php?rest_route=%2Fwp%2Fv2%2Ftags&post=50266"}],"curies":[{"name":"wp","href":"https:\/\/api.w.org\/{rel}","templated":true}]}}