{"id":50272,"date":"2024-02-06T12:08:57","date_gmt":"2024-02-06T18:08:57","guid":{"rendered":"https:\/\/encuentroinformativo.com.mx\/?p=50272"},"modified":"2024-02-06T12:09:03","modified_gmt":"2024-02-06T18:09:03","slug":"reformas-laborales-ponen-en-riesgo-a-pymes-del-campo-coparmex-veracruz","status":"publish","type":"post","link":"https:\/\/encuentroinformativo.com.mx\/?p=50272","title":{"rendered":"Reformas laborales ponen en riesgo a PyMES del campo: Coparmex Veracruz"},"content":{"rendered":"\n<p><strong>Alejandro \u00c1vila<\/strong><\/p>\n\n\n\n<p>Boca del R\u00edo, Ver.- Las reformas a la Ley Federal del Trabajo y a la Ley del Seguro Social, suponen un grave riesgo de incumplimimiento para las Micro, Peque\u00f1as y Medianas Empresas (MiPyMEs) del campo, asegur\u00f3 el presidente Coparmex Veracruz, Manuel Lia\u00f1o Carrera.&nbsp;<\/p>\n\n\n\n<p>Dijo que, si bien la Coparmex reconoce que \u00e9stas modificacioens son relevantes y valiosas, pues representan avances en materia de derechos laborales para las m\u00e1s de tres millones de personas que en Veracruz -de acuerdo con el Censo Agropecuardio 2022 del INEGI- trabajan en el campo, es lamentable que no se haya tomado en cuenta la opini\u00f3n de todos los sectores involucrados ni de los mismos trabajadores del campo.&nbsp;<\/p>\n\n\n\n<p>Sostuvo que en la Coparmex consideran delicado que la reforma se haya publicado y entrado en vigor de un d\u00eda para otro, pues no se le dio tiempo a las empresas para adaptarse, por lo que, pese a que existen elementos positivos en la reforma, hay temas a discusi\u00f3n, como el hecho de que los empleadores suplanten tareas que le corresponden al IMSS, a la SEP y al DIF.&nbsp;<\/p>\n\n\n\n<p>Dijo que como sector ven como un acierto que la ley distinga con claridad quienes s\u00ed son y quienes no las Personas Trabajadoras del Campo; tambi\u00e9n que se distinga con mayor precisi\u00f3n su car\u00e1cter de trabajadores permanentes o temporales.<\/p>\n\n\n\n<p>Agreg\u00f3 que la Coparmex eval\u00faa tambi\u00e9n como positivo que en los contratos individuales de trabajo se observen tiempos adecuados de descanso y pausas, y se establezcan mecanismos para informar a las personas trabajadoras del campo acerca de las autoridades del trabajo y servicios sociales a las que se podr\u00e1n acudir cuando consideren que sus derechos han sido menoscabados, pues ello abona a que los trabajadores tengan mayor certeza y gocen adecuadamente de sus prestaciones y derechos.&nbsp;<\/p>\n\n\n\n<p>Sin embargo mencion\u00f3 que como sector detectan riesgos en las modificaciones realizadas a las leyes, entre los que destacan:&nbsp;<\/p>\n\n\n\n<p>La publicaci\u00f3n de las reformas se hizo el mi\u00e9rcoles 24 de enero de 2024 y su entrada en vigor se determin\u00f3 al d\u00eda siguiente, es decir el 25 de enero. Esto pone en estado de vulnerabilidad a las empresas y a los empleadores, porque es materialmente imposible adecuar sus operaciones, contratar personal para el manejo administrativo y realizar inversiones para cumplir con la ley en tan s\u00f3lo un d\u00eda. Se trata de reformas profundas al marco legal y es imposible que la industria se adapte en un d\u00eda.<\/p>\n\n\n\n<p>Las reformas tienen elementos que podr\u00edan poner en riesgo la sustentabilidad financiera de las empresas agr\u00edcolas, como el hecho de suplantar los servicios que el IMSS prove\u00eda a las familias de los trabajadores, en caso de que el Instituto no cuente con instalaciones cercanas al lugar de trabajo.&nbsp;<\/p>\n\n\n\n<p>Tambi\u00e9n se considera suplantar las tareas de la SEP, ya que los empleadores est\u00e1n obligados a establecer y sostener escuelas cuando la Secretar\u00eda de Educaci\u00f3n no cuente con centros educativos cercanos. A su vez, se transfieren al empleador las tareas de proveer servicios de guarder\u00edas a los hijos de los trabajadores y establecer salas de lactancia, que aunque es muy positivo, implica una inversi\u00f3n que, de un d\u00eda a otro, es imposible concretar.<\/p>\n\n\n\n<p>La reforma fue aprobada por el Congreso sin que los sectores involucrados hayan sido incluidos y escuchados. La falta de di\u00e1logo en la aprobaci\u00f3n de estas reformas se tradujo, precisamente, en esta gran cantidad de riesgos e inconvenientes.<\/p>\n\n\n\n<p>Insiti\u00f3 en que, pese a que se ven aspectos positivos, su implementaci\u00f3n puede poner en riesgo de quiebra a miles de empresas agr\u00edcolas del pa\u00eds, pues de realizarse una verificaci\u00f3n el d\u00eda de hoy, ser\u00edan miles las empresas sancionadas.&nbsp;<\/p>\n\n\n\n<p>Para concluir record\u00f3 que en Coparmex se promueve el Modelo de Desarrollo Inclusivo (MDI) con la finalidad de generar mejores condiciones de vida para todos los mexicanos. En especial, velan por la mejora continua de la situaci\u00f3n de los trabajadores, pues son ellos el centro de la actividad econ\u00f3mica.&nbsp;<\/p>\n\n\n\n<p>Y aunque coincidan con el esp\u00edritu de la reforma, tambi\u00e9n creen que siempre debe considerarse con responsabilidad y sensatez el impacto que cualquier cambio legal puede tener en la MiPyMES y en la generaci\u00f3n de empleos.<\/p>\n","protected":false},"excerpt":{"rendered":"<p>Alejandro \u00c1vila Boca del R\u00edo, Ver.- Las reformas a la Ley Federal del Trabajo y a la Ley del Seguro Social, suponen un grave riesgo de incumplimimiento para las Micro, Peque\u00f1as y Medianas Empresas (MiPyMEs) del campo, asegur\u00f3 el presidente Coparmex Veracruz, Manuel Lia\u00f1o Carrera.&nbsp; Dijo que, si bien la Coparmex reconoce que \u00e9stas modificacioens [&hellip;]<\/p>\n","protected":false},"author":2476,"featured_media":50273,"comment_status":"open","ping_status":"open","sticky":false,"template":"","format":"standard","meta":{"_jetpack_memberships_contains_paid_content":false,"footnotes":""},"categories":[2],"tags":[],"class_list":["post-50272","post","type-post","status-publish","format-standard","has-post-thumbnail","hentry","category-estado"],"jetpack_featured_media_url":"https:\/\/encuentroinformativo.com.mx\/wp-content\/uploads\/2024\/02\/IMG-20240206-WA0030.jpg","jetpack_sharing_enabled":true,"jetpack_likes_enabled":true,"amp_enabled":true,"_links":{"self":[{"href":"https:\/\/encuentroinformativo.com.mx\/index.php?rest_route=\/wp\/v2\/posts\/50272","targetHints":{"allow":["GET"]}}],"collection":[{"href":"https:\/\/encuentroinformativo.com.mx\/index.php?rest_route=\/wp\/v2\/posts"}],"about":[{"href":"https:\/\/encuentroinformativo.com.mx\/index.php?rest_route=\/wp\/v2\/types\/post"}],"author":[{"embeddable":true,"href":"https:\/\/encuentroinformativo.com.mx\/index.php?rest_route=\/wp\/v2\/users\/2476"}],"replies":[{"embeddable":true,"href":"https:\/\/encuentroinformativo.com.mx\/index.php?rest_route=%2Fwp%2Fv2%2Fcomments&post=50272"}],"version-history":[{"count":1,"href":"https:\/\/encuentroinformativo.com.mx\/index.php?rest_route=\/wp\/v2\/posts\/50272\/revisions"}],"predecessor-version":[{"id":50274,"href":"https:\/\/encuentroinformativo.com.mx\/index.php?rest_route=\/wp\/v2\/posts\/50272\/revisions\/50274"}],"wp:featuredmedia":[{"embeddable":true,"href":"https:\/\/encuentroinformativo.com.mx\/index.php?rest_route=\/wp\/v2\/media\/50273"}],"wp:attachment":[{"href":"https:\/\/encuentroinformativo.com.mx\/index.php?rest_route=%2Fwp%2Fv2%2Fmedia&parent=50272"}],"wp:term":[{"taxonomy":"category","embeddable":true,"href":"https:\/\/encuentroinformativo.com.mx\/index.php?rest_route=%2Fwp%2Fv2%2Fcategories&post=50272"},{"taxonomy":"post_tag","embeddable":true,"href":"https:\/\/encuentroinformativo.com.mx\/index.php?rest_route=%2Fwp%2Fv2%2Ftags&post=50272"}],"curies":[{"name":"wp","href":"https:\/\/api.w.org\/{rel}","templated":true}]}}