{"id":50281,"date":"2024-02-06T12:37:08","date_gmt":"2024-02-06T18:37:08","guid":{"rendered":"https:\/\/encuentroinformativo.com.mx\/?p=50281"},"modified":"2024-02-06T12:37:14","modified_gmt":"2024-02-06T18:37:14","slug":"tras-dar-a-conocer-aspiraciones-politicas-exjueza-denuncia-persecusion-politica","status":"publish","type":"post","link":"https:\/\/encuentroinformativo.com.mx\/?p=50281","title":{"rendered":"Tras dar a conocer aspiraciones pol\u00edticas, exjueza denuncia persecusi\u00f3n pol\u00edtica"},"content":{"rendered":"\n<p><strong>Dar\u00edo Pale<\/strong><\/p>\n\n\n\n<p>Xalapa, Ver.- Despu\u00e9s de dar a conocer sus aspiraciones al Senado de la Rep\u00fablica, por Movimiento Ciudadano; fue citada en los juzgados de Pacho Viejo, este martes, por delitos que ya le hab\u00edan sido imputados, as\u00ed lo dio a conocer la exjueza del Poder Judicial de Veracruz, Ang\u00e9lica S\u00e1nchez.<\/p>\n\n\n\n<p>En conferencia de prensa, sostuvo que est\u00e1 siendo vigilada, espiada por el gobierno del Estado y el hecho se confirma ya que tras darse a conocer que ser\u00e1 la segunda f\u00f3rmula de Dante Alfonso Delgado Morales.<\/p>\n\n\n\n<p>Coment\u00f3 que desde el a\u00f1o pasado, cuando acudi\u00f3 al Senado a recibir un reconocimiento en el mes de junio, iniciaron las pl\u00e1ticas para que se sumara al proceso electoral.<\/p>\n\n\n\n<p>&#8220;Eso ha generado que a m\u00ed me vuelvan a citar en Pacho Viejo, tratando de imputarme hechos que ya me imputaron anteriormente y por los que hay un recurso de revisi\u00f3n contra un amparo indirecto que todav\u00eda no se ha resuelto. Por eso fui citada el d\u00eda de hoy a las 18:00 horas en Pacho Viejo&#8221;, se\u00f1al\u00f3.<\/p>\n\n\n\n<p>La aspirante a un esca\u00f1o en la C\u00e1mara Alta, record\u00f3 que le &#8220;armaron&#8221; tres carpetas de investigaci\u00f3n, la primera por delitos contra la salud, la segunda por el presunto delito contra la fe p\u00fablica y tr\u00e1fico de influencias y, finalmente, por el delito de cohecho.<\/p>\n\n\n\n<p>Por ese \u00faltimo delito, sostuvo que la Fiscal\u00eda General del Estado no tiene ninguna prueba que demuestre lo que el Gobernador ha dicho.<\/p>\n\n\n\n<p>La exjuzgadora explic\u00f3 que la tarde de este martes va a los juzgados porque quieren tratar de imputarla nuevamente por los delitos contra la fe p\u00fablica y tr\u00e1fico de influencias, pero record\u00f3 que ese procedimiento se anul\u00f3 y la medida cautelar se invalid\u00f3.<\/p>\n\n\n\n<p>&#8220;Lo que el Ministerio P\u00fablico est\u00e1 haciendo es tratar de volverme a imputar. El citatorio que me lleg\u00f3 es para hacerme una audiencia de imputaci\u00f3n en libertad&#8221;, coment\u00f3.<\/p>\n\n\n\n<p>Finalmente coment\u00f3, &#8220;por lo que considero que no han solicitado ninguna orden de aprehensi\u00f3n en mi contra, que es para que me presente voluntariamente, pero es para imputarme hechos \u00a0de una carpeta donde ya tuve una imputaci\u00f3n&#8221;.<\/p>\n","protected":false},"excerpt":{"rendered":"<p>Dar\u00edo Pale Xalapa, Ver.- Despu\u00e9s de dar a conocer sus aspiraciones al Senado de la Rep\u00fablica, por Movimiento Ciudadano; fue citada en los juzgados de Pacho Viejo, este martes, por delitos que ya le hab\u00edan sido imputados, as\u00ed lo dio a conocer la exjueza del Poder Judicial de Veracruz, Ang\u00e9lica S\u00e1nchez. En conferencia de prensa, [&hellip;]<\/p>\n","protected":false},"author":2476,"featured_media":50282,"comment_status":"open","ping_status":"open","sticky":false,"template":"","format":"standard","meta":{"_jetpack_memberships_contains_paid_content":false,"footnotes":""},"categories":[2],"tags":[],"class_list":["post-50281","post","type-post","status-publish","format-standard","has-post-thumbnail","hentry","category-estado"],"jetpack_featured_media_url":"https:\/\/encuentroinformativo.com.mx\/wp-content\/uploads\/2024\/02\/IMG-20240206-WA00462.jpg","jetpack_sharing_enabled":true,"jetpack_likes_enabled":true,"amp_enabled":true,"_links":{"self":[{"href":"https:\/\/encuentroinformativo.com.mx\/index.php?rest_route=\/wp\/v2\/posts\/50281","targetHints":{"allow":["GET"]}}],"collection":[{"href":"https:\/\/encuentroinformativo.com.mx\/index.php?rest_route=\/wp\/v2\/posts"}],"about":[{"href":"https:\/\/encuentroinformativo.com.mx\/index.php?rest_route=\/wp\/v2\/types\/post"}],"author":[{"embeddable":true,"href":"https:\/\/encuentroinformativo.com.mx\/index.php?rest_route=\/wp\/v2\/users\/2476"}],"replies":[{"embeddable":true,"href":"https:\/\/encuentroinformativo.com.mx\/index.php?rest_route=%2Fwp%2Fv2%2Fcomments&post=50281"}],"version-history":[{"count":1,"href":"https:\/\/encuentroinformativo.com.mx\/index.php?rest_route=\/wp\/v2\/posts\/50281\/revisions"}],"predecessor-version":[{"id":50283,"href":"https:\/\/encuentroinformativo.com.mx\/index.php?rest_route=\/wp\/v2\/posts\/50281\/revisions\/50283"}],"wp:featuredmedia":[{"embeddable":true,"href":"https:\/\/encuentroinformativo.com.mx\/index.php?rest_route=\/wp\/v2\/media\/50282"}],"wp:attachment":[{"href":"https:\/\/encuentroinformativo.com.mx\/index.php?rest_route=%2Fwp%2Fv2%2Fmedia&parent=50281"}],"wp:term":[{"taxonomy":"category","embeddable":true,"href":"https:\/\/encuentroinformativo.com.mx\/index.php?rest_route=%2Fwp%2Fv2%2Fcategories&post=50281"},{"taxonomy":"post_tag","embeddable":true,"href":"https:\/\/encuentroinformativo.com.mx\/index.php?rest_route=%2Fwp%2Fv2%2Ftags&post=50281"}],"curies":[{"name":"wp","href":"https:\/\/api.w.org\/{rel}","templated":true}]}}