{"id":5029,"date":"2020-08-18T13:37:18","date_gmt":"2020-08-18T18:37:18","guid":{"rendered":"https:\/\/encuentroinformativo.com\/?p=5029"},"modified":"2020-08-18T13:37:20","modified_gmt":"2020-08-18T18:37:20","slug":"necesario-atender-comunidades-indigenas-en-regreso-a-clases-pide-prd","status":"publish","type":"post","link":"https:\/\/encuentroinformativo.com.mx\/?p=5029","title":{"rendered":"Necesario atender comunidades ind\u00edgenas en regreso a clases, pide PRD"},"content":{"rendered":"\n<p>J<strong>uan Arcos<\/strong> <\/p>\n\n\n\n<p>Xalapa, Ver.- El dirigente estatal del Partido de la Revoluci\u00f3n Democr\u00e1tica (PRD), Sergio Cadena Mart\u00ednez, pidi\u00f3 al gobierno de Veracruz que sean incluidas las comunidades ind\u00edgenas en el regreso a clases virtual.<\/p>\n\n\n\n<p>El l\u00edder del Sol Azteca en Veracruz indic\u00f3 que las poblaciones rurales carecen de televisi\u00f3n, internet o cualquier medio electr\u00f3nico para acceder a las clases programadas por la Secretar\u00eda de Educaci\u00f3n de Veracruz (SEV).<\/p>\n\n\n\n<p>Record\u00f3 que la pandemia del SARS-COV-2 (COVID-19) obliga a los ciudadanos a permanecer en casa; sin embargo, hay familias que necesitan herramientas tecnol\u00f3gicas para que las ni\u00f1as y los ni\u00f1os contin\u00faen sus estudios.<\/p>\n\n\n\n<p>\u201cExhortamos al gobierno para que no se olvide de los marginados, los ind\u00edgenas y de los m\u00e1s pobres que a\u00fan no tienen acceso a este tipo de tecnolog\u00eda\u201d.<\/p>\n\n\n\n<p>A\u00f1adi\u00f3 que un pueblo culto es dif\u00edcil de enga\u00f1ar y sabe escoger mejor su destino, por ello, es necesario que el mayor n\u00famero de ni\u00f1as, ni\u00f1os y j\u00f3venes accedan a la educaci\u00f3n.<\/p>\n\n\n\n<p>\u201cEl PRD est\u00e1 convencido que es a trav\u00e9s de la educaci\u00f3n y adecuada formaci\u00f3n como el pueblo puede encontrar las mejores v\u00edas que le permitan alcanzar mejores oportunidades de desarrollo y crecimiento\u201d.<\/p>\n\n\n\n<p>Cadena Mart\u00ednez reconoci\u00f3 el trabajo y esfuerzo de todas las maestras y maestros por su dedicaci\u00f3n y empe\u00f1o, as\u00ed como a los padres de familia por el gran esfuerzo que realizan para que sus hijos no pierdan el ciclo escolar.<\/p>\n\n\n\n<p>Cabe recordar que el pr\u00f3ximo 24 de agosto regresar\u00e1n a clases virtuales poco m\u00e1s de dos millones de estudiantes de todos los niveles educativos de la entidad.<\/p>\n\n\n\n<p><\/p>\n","protected":false},"excerpt":{"rendered":"<p>Juan Arcos Xalapa, Ver.- El dirigente estatal del Partido de la Revoluci\u00f3n Democr\u00e1tica (PRD), Sergio Cadena Mart\u00ednez, pidi\u00f3 al gobierno de Veracruz que sean incluidas las comunidades ind\u00edgenas en el regreso a clases virtual. El l\u00edder del Sol Azteca en Veracruz indic\u00f3 que las poblaciones rurales carecen de televisi\u00f3n, internet o cualquier medio electr\u00f3nico para [&hellip;]<\/p>\n","protected":false},"author":1,"featured_media":5030,"comment_status":"open","ping_status":"open","sticky":false,"template":"","format":"standard","meta":{"_jetpack_memberships_contains_paid_content":false,"footnotes":""},"categories":[2],"tags":[],"class_list":["post-5029","post","type-post","status-publish","format-standard","has-post-thumbnail","hentry","category-estado"],"jetpack_featured_media_url":"https:\/\/encuentroinformativo.com.mx\/wp-content\/uploads\/2020\/08\/599E00D9-C5B6-437C-B2F9-535C6FB25C7D.jpeg","jetpack_sharing_enabled":true,"jetpack_likes_enabled":true,"amp_enabled":true,"_links":{"self":[{"href":"https:\/\/encuentroinformativo.com.mx\/index.php?rest_route=\/wp\/v2\/posts\/5029","targetHints":{"allow":["GET"]}}],"collection":[{"href":"https:\/\/encuentroinformativo.com.mx\/index.php?rest_route=\/wp\/v2\/posts"}],"about":[{"href":"https:\/\/encuentroinformativo.com.mx\/index.php?rest_route=\/wp\/v2\/types\/post"}],"author":[{"embeddable":true,"href":"https:\/\/encuentroinformativo.com.mx\/index.php?rest_route=\/wp\/v2\/users\/1"}],"replies":[{"embeddable":true,"href":"https:\/\/encuentroinformativo.com.mx\/index.php?rest_route=%2Fwp%2Fv2%2Fcomments&post=5029"}],"version-history":[{"count":1,"href":"https:\/\/encuentroinformativo.com.mx\/index.php?rest_route=\/wp\/v2\/posts\/5029\/revisions"}],"predecessor-version":[{"id":5031,"href":"https:\/\/encuentroinformativo.com.mx\/index.php?rest_route=\/wp\/v2\/posts\/5029\/revisions\/5031"}],"wp:featuredmedia":[{"embeddable":true,"href":"https:\/\/encuentroinformativo.com.mx\/index.php?rest_route=\/wp\/v2\/media\/5030"}],"wp:attachment":[{"href":"https:\/\/encuentroinformativo.com.mx\/index.php?rest_route=%2Fwp%2Fv2%2Fmedia&parent=5029"}],"wp:term":[{"taxonomy":"category","embeddable":true,"href":"https:\/\/encuentroinformativo.com.mx\/index.php?rest_route=%2Fwp%2Fv2%2Fcategories&post=5029"},{"taxonomy":"post_tag","embeddable":true,"href":"https:\/\/encuentroinformativo.com.mx\/index.php?rest_route=%2Fwp%2Fv2%2Ftags&post=5029"}],"curies":[{"name":"wp","href":"https:\/\/api.w.org\/{rel}","templated":true}]}}