{"id":50290,"date":"2024-02-06T15:07:05","date_gmt":"2024-02-06T21:07:05","guid":{"rendered":"https:\/\/encuentroinformativo.com.mx\/?p=50290"},"modified":"2024-02-06T15:07:10","modified_gmt":"2024-02-06T21:07:10","slug":"por-primera-vez-lleva-ivai-proyecto-lentes-al-municipio-de-landero-y-coss","status":"publish","type":"post","link":"https:\/\/encuentroinformativo.com.mx\/?p=50290","title":{"rendered":"Por primera vez lleva IVAI Proyecto LENTES al municipio de Landero y Coss"},"content":{"rendered":"\n<p>Landero y Coss, Ver.- Con m\u00e1s de 100 ni\u00f1as, ni\u00f1os, padres y madres de familia de la Escuela Primaria \u201cIgnacio Allende\u201d, del municipio de Landero y Coss, el Instituto Veracruzano de Acceso a la Informaci\u00f3n y Protecci\u00f3n de Datos Personales present\u00f3, por primera vez, el Proyecto LENTES, mismo que tiene como objetivo fomentar la lectura educativa en la ni\u00f1ez sobre la Transparencia, Entornos Seguros y la Protecci\u00f3n de Datos Personales.<\/p>\n\n\n\n<p>Mediante cuentos y juegos el IVAI busca crear conciencia en ni\u00f1os y ni\u00f1as sobre la importancia de cuidar sus datos personales al hacer uso de aplicaciones digitales o redes sociales.<\/p>\n\n\n\n<p>En este sentido, la Directora de Transparencia del IVAI, Ileana Maga\u00f1a, as\u00ed como Lessli Montero Fonseca, interactuaron con los alumnos de la primaria, con la charla \u201cCuidado de los Datos Personales en la WEB\u201d y la lectura del cuento de \u201cVale, Max y el tesoro de los datos personales\u201d, en donde, a trav\u00e9s de actividades l\u00fadicas, se les ense\u00f1a a proteger su privacidad y se procuran entornos seguros para la ni\u00f1ez.<\/p>\n\n\n\n<p>Al finalizar el evento se brind\u00f3 la capacitaci\u00f3n al funcionariado del Ayuntamiento de Landero y Coss con el tema: Principios b\u00e1sicos en la administraci\u00f3n de archivos, la cual estuvo a cargo de Julio C\u00e9sar Guti\u00e9rrez Medina, Jefe de la Oficina de Archivo de Concentraci\u00f3n de este \u00d3rgano Garante.<\/p>\n\n\n\n<p>Sumado a las actividades anteriores, tambi\u00e9n se instal\u00f3 el \u201cM\u00f3dulo Itinerante\u201d en los bajos del Palacio Municipal de Landero y Coss, con el objetivo de fomentar una cultura de transparencia e inclusi\u00f3n con la sociedad veracruzana, por tal motivo se repartieron ejemplares de la Revista ACCESA \u201cTransparencia Incluyente\u201d.<\/p>\n\n\n\n<p>Estuvieron presentes, en representaci\u00f3n de la Comisionada del IVAI, Naldy Patricia Rodr\u00edguez Lagunes, la Licenciada Nancy Karina Morales Libreros, Secretaria de Estudio y Cuenta de la Ponencia I, y por parte del Ayuntamiento de Landero y Coss, la Alcaldesa X\u00f3chitl Dom\u00ednguez Rosado; el S\u00edndico \u00danico, Efra\u00edn Arg\u00fcelles Aburto y el Titular de la Unidad de Transparencia, Aar\u00f3n Mart\u00ednez Hern\u00e1ndez, as\u00ed como el Director de la Escuela Primaria \u201c Allende\u201d, Jorge Luis Montero Montero.<\/p>\n","protected":false},"excerpt":{"rendered":"<p>Landero y Coss, Ver.- Con m\u00e1s de 100 ni\u00f1as, ni\u00f1os, padres y madres de familia de la Escuela Primaria \u201cIgnacio Allende\u201d, del municipio de Landero y Coss, el Instituto Veracruzano de Acceso a la Informaci\u00f3n y Protecci\u00f3n de Datos Personales present\u00f3, por primera vez, el Proyecto LENTES, mismo que tiene como objetivo fomentar la lectura [&hellip;]<\/p>\n","protected":false},"author":2476,"featured_media":50291,"comment_status":"open","ping_status":"open","sticky":false,"template":"","format":"standard","meta":{"_jetpack_memberships_contains_paid_content":false,"footnotes":""},"categories":[2],"tags":[],"class_list":["post-50290","post","type-post","status-publish","format-standard","has-post-thumbnail","hentry","category-estado"],"jetpack_featured_media_url":"https:\/\/encuentroinformativo.com.mx\/wp-content\/uploads\/2024\/02\/IMG-20240206-WA00782.jpg","jetpack_sharing_enabled":true,"jetpack_likes_enabled":true,"amp_enabled":true,"_links":{"self":[{"href":"https:\/\/encuentroinformativo.com.mx\/index.php?rest_route=\/wp\/v2\/posts\/50290","targetHints":{"allow":["GET"]}}],"collection":[{"href":"https:\/\/encuentroinformativo.com.mx\/index.php?rest_route=\/wp\/v2\/posts"}],"about":[{"href":"https:\/\/encuentroinformativo.com.mx\/index.php?rest_route=\/wp\/v2\/types\/post"}],"author":[{"embeddable":true,"href":"https:\/\/encuentroinformativo.com.mx\/index.php?rest_route=\/wp\/v2\/users\/2476"}],"replies":[{"embeddable":true,"href":"https:\/\/encuentroinformativo.com.mx\/index.php?rest_route=%2Fwp%2Fv2%2Fcomments&post=50290"}],"version-history":[{"count":1,"href":"https:\/\/encuentroinformativo.com.mx\/index.php?rest_route=\/wp\/v2\/posts\/50290\/revisions"}],"predecessor-version":[{"id":50292,"href":"https:\/\/encuentroinformativo.com.mx\/index.php?rest_route=\/wp\/v2\/posts\/50290\/revisions\/50292"}],"wp:featuredmedia":[{"embeddable":true,"href":"https:\/\/encuentroinformativo.com.mx\/index.php?rest_route=\/wp\/v2\/media\/50291"}],"wp:attachment":[{"href":"https:\/\/encuentroinformativo.com.mx\/index.php?rest_route=%2Fwp%2Fv2%2Fmedia&parent=50290"}],"wp:term":[{"taxonomy":"category","embeddable":true,"href":"https:\/\/encuentroinformativo.com.mx\/index.php?rest_route=%2Fwp%2Fv2%2Fcategories&post=50290"},{"taxonomy":"post_tag","embeddable":true,"href":"https:\/\/encuentroinformativo.com.mx\/index.php?rest_route=%2Fwp%2Fv2%2Ftags&post=50290"}],"curies":[{"name":"wp","href":"https:\/\/api.w.org\/{rel}","templated":true}]}}