{"id":50293,"date":"2024-02-06T17:34:18","date_gmt":"2024-02-06T23:34:18","guid":{"rendered":"https:\/\/encuentroinformativo.com.mx\/?p=50293"},"modified":"2024-02-06T17:34:23","modified_gmt":"2024-02-06T23:34:23","slug":"invita-ssp-a-participar-en-campana-de-canje-de-juguetes-belicos-por-juegos-ludicos","status":"publish","type":"post","link":"https:\/\/encuentroinformativo.com.mx\/?p=50293","title":{"rendered":"Invita SSP a participar en campa\u00f1a de Canje de juguetes b\u00e9licos por juegos l\u00fadicos"},"content":{"rendered":"\n<p><strong>*En el marco de las ferias y d\u00edas de prevenci\u00f3n del CEPREVIDE<\/strong>.<\/p>\n\n\n\n<p>Xalapa, Ver.- Continuando con la estrategia de promover la cultura de paz y prevenir la violencia desde temprana edad, de acuerdo a la estrategia nacional promovida por la Secretar\u00eda de Seguridad y Protecci\u00f3n Ciudadana, se invita a ni\u00f1as, ni\u00f1os y adolescentes de todo el Estado, a participar en la campa\u00f1a de canje de juguetes b\u00e9licos por un juguete l\u00fadico, en las jornadas, ferias y d\u00edas de prevenci\u00f3n del CEPREVIDE.<\/p>\n\n\n\n<p>En el 2023 se cont\u00f3 con la participaci\u00f3n de 8 escuelas pertenecientes a los municipios de Banderilla y Coatepec, recolectando 167 juguetes b\u00e9licos y obsequiando 495 juguetes y juegos de mesa.<\/p>\n\n\n\n<p>El objetivo de estas actividades es llevar a cabo el intercambio de juguetes b\u00e9licos y videojuegos violentos por juguetes educativos y did\u00e1cticos, como juegos de mesa, destreza, memoria o para el fomento al deporte, promoviendo el desarrollo de habilidades deportivas, culturales y recreativas.<\/p>\n\n\n\n<p>Con este tipo de acciones se busca incentivar la integraci\u00f3n familiar, en un entorno m\u00e1s saludable para la ni\u00f1ez, ayudando a su desarrollo cognitivo, adem\u00e1s de fomentar una sana convivencia.<\/p>\n\n\n\n<p>Este a\u00f1o contin\u00faa abierta la invitaci\u00f3n a la participaci\u00f3n de toda la comunidad veracruzana en las jornadas que se llevar\u00e1n a cabo, teniendo como prioridad del actual gobierno, el brindar seguridad y bienestar a la poblaci\u00f3n, siguiendo el plan de protecci\u00f3n integral de las infancias y la prevenci\u00f3n social de la violencia y la delincuencia.<\/p>\n\n\n\n<figure class=\"wp-block-image size-large\"><img loading=\"lazy\" decoding=\"async\" width=\"878\" height=\"1024\" src=\"https:\/\/encuentroinformativo.com.mx\/wp-content\/uploads\/2024\/02\/IMG-20240206-WA0099-878x1024.jpg\" alt=\"\" class=\"wp-image-50294\" srcset=\"https:\/\/encuentroinformativo.com.mx\/wp-content\/uploads\/2024\/02\/IMG-20240206-WA0099-878x1024.jpg 878w, https:\/\/encuentroinformativo.com.mx\/wp-content\/uploads\/2024\/02\/IMG-20240206-WA0099-257x300.jpg 257w, https:\/\/encuentroinformativo.com.mx\/wp-content\/uploads\/2024\/02\/IMG-20240206-WA0099-768x896.jpg 768w, https:\/\/encuentroinformativo.com.mx\/wp-content\/uploads\/2024\/02\/IMG-20240206-WA0099.jpg 1200w\" sizes=\"auto, (max-width: 878px) 100vw, 878px\" \/><\/figure>\n","protected":false},"excerpt":{"rendered":"<p>*En el marco de las ferias y d\u00edas de prevenci\u00f3n del CEPREVIDE. Xalapa, Ver.- Continuando con la estrategia de promover la cultura de paz y prevenir la violencia desde temprana edad, de acuerdo a la estrategia nacional promovida por la Secretar\u00eda de Seguridad y Protecci\u00f3n Ciudadana, se invita a ni\u00f1as, ni\u00f1os y adolescentes de todo [&hellip;]<\/p>\n","protected":false},"author":2476,"featured_media":50294,"comment_status":"open","ping_status":"open","sticky":false,"template":"","format":"standard","meta":{"_jetpack_memberships_contains_paid_content":false,"footnotes":""},"categories":[2],"tags":[],"class_list":["post-50293","post","type-post","status-publish","format-standard","has-post-thumbnail","hentry","category-estado"],"jetpack_featured_media_url":"https:\/\/encuentroinformativo.com.mx\/wp-content\/uploads\/2024\/02\/IMG-20240206-WA0099.jpg","jetpack_sharing_enabled":true,"jetpack_likes_enabled":true,"amp_enabled":true,"_links":{"self":[{"href":"https:\/\/encuentroinformativo.com.mx\/index.php?rest_route=\/wp\/v2\/posts\/50293","targetHints":{"allow":["GET"]}}],"collection":[{"href":"https:\/\/encuentroinformativo.com.mx\/index.php?rest_route=\/wp\/v2\/posts"}],"about":[{"href":"https:\/\/encuentroinformativo.com.mx\/index.php?rest_route=\/wp\/v2\/types\/post"}],"author":[{"embeddable":true,"href":"https:\/\/encuentroinformativo.com.mx\/index.php?rest_route=\/wp\/v2\/users\/2476"}],"replies":[{"embeddable":true,"href":"https:\/\/encuentroinformativo.com.mx\/index.php?rest_route=%2Fwp%2Fv2%2Fcomments&post=50293"}],"version-history":[{"count":1,"href":"https:\/\/encuentroinformativo.com.mx\/index.php?rest_route=\/wp\/v2\/posts\/50293\/revisions"}],"predecessor-version":[{"id":50295,"href":"https:\/\/encuentroinformativo.com.mx\/index.php?rest_route=\/wp\/v2\/posts\/50293\/revisions\/50295"}],"wp:featuredmedia":[{"embeddable":true,"href":"https:\/\/encuentroinformativo.com.mx\/index.php?rest_route=\/wp\/v2\/media\/50294"}],"wp:attachment":[{"href":"https:\/\/encuentroinformativo.com.mx\/index.php?rest_route=%2Fwp%2Fv2%2Fmedia&parent=50293"}],"wp:term":[{"taxonomy":"category","embeddable":true,"href":"https:\/\/encuentroinformativo.com.mx\/index.php?rest_route=%2Fwp%2Fv2%2Fcategories&post=50293"},{"taxonomy":"post_tag","embeddable":true,"href":"https:\/\/encuentroinformativo.com.mx\/index.php?rest_route=%2Fwp%2Fv2%2Ftags&post=50293"}],"curies":[{"name":"wp","href":"https:\/\/api.w.org\/{rel}","templated":true}]}}