{"id":50300,"date":"2024-02-06T20:42:32","date_gmt":"2024-02-07T02:42:32","guid":{"rendered":"https:\/\/encuentroinformativo.com.mx\/?p=50300"},"modified":"2024-02-06T20:42:36","modified_gmt":"2024-02-07T02:42:36","slug":"gobierno-persigue-a-los-adversarios-pepe-yunes","status":"publish","type":"post","link":"https:\/\/encuentroinformativo.com.mx\/?p=50300","title":{"rendered":"Gobierno persigue a los adversarios: Pepe Yunes"},"content":{"rendered":"\n<p><strong>Dar\u00edo Pale <\/strong><\/p>\n\n\n\n<p>Xalapa, Ver.- En Veracruz Gobierno persigue a adversarios pol\u00edticos, adem\u00e1s exigi\u00f3 no m\u00e1s coacci\u00f3n a trabajadores del Estado para apoyar a Morena, as\u00ed lo dio a conocer el precandidato a la gubernatura de Veracruz por la coalici\u00f3n &#8220;Fuerza y Coraz\u00f3n por Veracruz&#8221;, Jos\u00e9 Francisco Yunes Zorrilla,\u00a0<\/p>\n\n\n\n<p>En entrevista posterior a su cierre de precampa\u00f1a en esta capital, afirm\u00f3 que en este estado la administraci\u00f3n persigue a los adversarios pol\u00edticos.\u00a0<\/p>\n\n\n\n<p>Consider\u00f3 que el gobernador de Veracruz como cualquier gobernador o funcionario debe hacer un esfuerzo por permanecer al margen del proceso electoral.<\/p>\n\n\n\n<p>&#8220;Es un tema que se respira en Veracruz, que persiguen a los adversarios pol\u00edticos. Las instituciones de seguridad y de procuraci\u00f3n de justicia han estado m\u00e1s que confrontado y combatiendo a delincuentes, persiguiendo a adversarios pol\u00edticos en \u00e9pocas electorales&#8221;, se\u00f1al\u00f3.<\/p>\n\n\n\n<p>En relaci\u00f3n a la inseguridad, Pepe Yunes indic\u00f3 que \u00e9l no reforzar\u00e1 su seguridad, lo que pide es que haya una mayor seguridad para todos los ciudadanos.<\/p>\n\n\n\n<p>&#8220;Tengo claro que los ciudadanos viven con miedo, miedo de la polic\u00eda\u00a0 y de la delincuencia. Exigimos que el gobierno del Estado cumpla con su m\u00ednima funci\u00f3n que es brindar seguridad a los ciudadanos&#8221;, coment\u00f3.<\/p>\n\n\n\n<p>En relaci\u00f3n a las propuestas de reforma del presidente Andr\u00e9s Manuel L\u00f3pez Obrador, las calific\u00f3 de electoreras, es una miscel\u00e1nea a gusto del partido del Ejecutivo federal.<\/p>\n\n\n\n<p>En otro orden de ideas se solidariz\u00f3 con los trabajadores del Estado y exigi\u00f3 a la administraci\u00f3n de Cuitl\u00e1huac Garc\u00eda, respete los derechos de sus empleados.<\/p>\n\n\n\n<p>&#8220;No m\u00e1s autoridades que acosen, que obliguen que coaccionen a los trabajadores del Estado para apoyar a un partido pol\u00edtico, para movilizar un tema electoral&#8221;, acus\u00f3.<\/p>\n\n\n\n<p>&#8220;Desde aqu\u00ed nuestro respaldo y nuestro reconocimiento a los trabajadores al servicio del estado de Veracruz&#8221;, agrego.<\/p>\n\n\n\n<p>En su discurso durante el cierre de precampa\u00f1a en esta capital, el precandidato de la coalici\u00f3n &#8220;Fuerza y Coraz\u00f3n por Veracruz&#8221;, afirm\u00f3 que durante su gesti\u00f3n har\u00e1n que la gente no pague el costo de un gobierno incapaz de hacer funcionar el sistema de salud.<\/p>\n\n\n\n<p>Y es que se requiere de un sistema de salud a\u00a0 la altura de la dignidad de los veracruzanos, as\u00ed como medicinas y mantenimiento de la infraestructura hospitalaria.<\/p>\n\n\n\n<p>Pepe Yunes sostuvo que en Veracruz se respira una necesidad de cambio y en cuatro semanas ya cambi\u00f3 el estado de \u00e1nimo, destac\u00f3 que la gente est\u00e1 dispuesta a trabajar por aquello que les pertenece.<\/p>\n\n\n\n<p>Finalmente Pepe fue sumando a todos aquellos l\u00edderes y representantes de grupos al estrado, a maestros, a diputados, diputadas, empresarios, a l\u00edderes de distintas centrales de obreros para acompa\u00f1arlo al cierre organizado por Antorcha Campesina.<\/p>\n","protected":false},"excerpt":{"rendered":"<p>Dar\u00edo Pale Xalapa, Ver.- En Veracruz Gobierno persigue a adversarios pol\u00edticos, adem\u00e1s exigi\u00f3 no m\u00e1s coacci\u00f3n a trabajadores del Estado para apoyar a Morena, as\u00ed lo dio a conocer el precandidato a la gubernatura de Veracruz por la coalici\u00f3n &#8220;Fuerza y Coraz\u00f3n por Veracruz&#8221;, Jos\u00e9 Francisco Yunes Zorrilla,\u00a0 En entrevista posterior a su cierre de [&hellip;]<\/p>\n","protected":false},"author":2476,"featured_media":50301,"comment_status":"open","ping_status":"open","sticky":false,"template":"","format":"standard","meta":{"_jetpack_memberships_contains_paid_content":false,"footnotes":""},"categories":[2],"tags":[],"class_list":["post-50300","post","type-post","status-publish","format-standard","has-post-thumbnail","hentry","category-estado"],"jetpack_featured_media_url":"https:\/\/encuentroinformativo.com.mx\/wp-content\/uploads\/2024\/02\/IMG-20240206-WA01122.jpg","jetpack_sharing_enabled":true,"jetpack_likes_enabled":true,"amp_enabled":true,"_links":{"self":[{"href":"https:\/\/encuentroinformativo.com.mx\/index.php?rest_route=\/wp\/v2\/posts\/50300","targetHints":{"allow":["GET"]}}],"collection":[{"href":"https:\/\/encuentroinformativo.com.mx\/index.php?rest_route=\/wp\/v2\/posts"}],"about":[{"href":"https:\/\/encuentroinformativo.com.mx\/index.php?rest_route=\/wp\/v2\/types\/post"}],"author":[{"embeddable":true,"href":"https:\/\/encuentroinformativo.com.mx\/index.php?rest_route=\/wp\/v2\/users\/2476"}],"replies":[{"embeddable":true,"href":"https:\/\/encuentroinformativo.com.mx\/index.php?rest_route=%2Fwp%2Fv2%2Fcomments&post=50300"}],"version-history":[{"count":1,"href":"https:\/\/encuentroinformativo.com.mx\/index.php?rest_route=\/wp\/v2\/posts\/50300\/revisions"}],"predecessor-version":[{"id":50302,"href":"https:\/\/encuentroinformativo.com.mx\/index.php?rest_route=\/wp\/v2\/posts\/50300\/revisions\/50302"}],"wp:featuredmedia":[{"embeddable":true,"href":"https:\/\/encuentroinformativo.com.mx\/index.php?rest_route=\/wp\/v2\/media\/50301"}],"wp:attachment":[{"href":"https:\/\/encuentroinformativo.com.mx\/index.php?rest_route=%2Fwp%2Fv2%2Fmedia&parent=50300"}],"wp:term":[{"taxonomy":"category","embeddable":true,"href":"https:\/\/encuentroinformativo.com.mx\/index.php?rest_route=%2Fwp%2Fv2%2Fcategories&post=50300"},{"taxonomy":"post_tag","embeddable":true,"href":"https:\/\/encuentroinformativo.com.mx\/index.php?rest_route=%2Fwp%2Fv2%2Ftags&post=50300"}],"curies":[{"name":"wp","href":"https:\/\/api.w.org\/{rel}","templated":true}]}}