{"id":50303,"date":"2024-02-06T20:59:01","date_gmt":"2024-02-07T02:59:01","guid":{"rendered":"https:\/\/encuentroinformativo.com.mx\/?p=50303"},"modified":"2024-02-06T20:59:07","modified_gmt":"2024-02-07T02:59:07","slug":"que-mas-me-van-a-quitar-ahora-cuestiona-ex-jueza-angelica-sanchez","status":"publish","type":"post","link":"https:\/\/encuentroinformativo.com.mx\/?p=50303","title":{"rendered":"\u00bfQu\u00e9 m\u00e1s me van a quitar ahora?, cuestiona ex jueza Ang\u00e9lica S\u00e1nchez"},"content":{"rendered":"\n<p><strong>Dar\u00edo Pale <\/strong><\/p>\n\n\n\n<p>Xalapa, Ver.- Antes de entrar a su audiencia en Pacho Viejo la exjueza se\u00f1al\u00f3 que, &#8220;ya me quitaron una vez la libertad, \u00bfqu\u00e9 m\u00e1s me van a quitar ahora, la vida?<\/p>\n\n\n\n<p>Entrevistada previo al ingreso a su audiencia de imputaci\u00f3n, la exjueza del Poder Judicial de Veracruz, Ang\u00e9lica S\u00e1nchez, expres\u00f3 que cualquier atentado contra su libertad es producto del odio del Gobernador.<\/p>\n\n\n\n<p>Pregunt\u00f3 que si ya una vez le quitaron la libertad ahora buscan quitarle la vida.<\/p>\n\n\n\n<p>Dijo que queda claro que el Ejecutivo no sabe de Derecho y el amparo indirecto promovido por sus abogados en contra de la vinculaci\u00f3n a proceso, en la que se analiza el fondo del asunto; no hay resoluci\u00f3n.<\/p>\n\n\n\n<p>&#8220;El se\u00f1or Cuitl\u00e1huac confunde que lo resuelto por un tribunal colegiado fue sobre la violaci\u00f3n a la suspensi\u00f3n y ning\u00fan tribunal federal ha analizado la existencia de los delitos que se me imputaron&#8221;, se\u00f1al\u00f3.<\/p>\n\n\n\n<p>&#8220;Con sus declaraciones insistentes en llamarme delincuente, viola flagrantemente mis derechos fundamentales y ahora pol\u00edticos&#8221;, agrego.<\/p>\n\n\n\n<p>Refiri\u00f3 que la Constituci\u00f3n establece que todo imputado tiene a su favor la presunci\u00f3n de inocencia, por lo tanto lo correcto es decir que soy una presunta inocente.<\/p>\n\n\n\n<p>Cuestion\u00f3 por qu\u00e9 aquellos acusados de violaci\u00f3n u otros delitos, de Morena ni siquiera han sido citados.<\/p>\n\n\n\n<p>&#8220;Es claro que el Gobernador le fall\u00f3 a los veracruzanos, incluy\u00e9ndome a m\u00ed, permitiendo a las fiscal\u00edas y a las polic\u00edas abusar de los ciudadanos&#8221;, coment\u00f3.<\/p>\n\n\n\n<p>La exjueza asegur\u00f3 que a Cuitl\u00e1huac Garc\u00eda se le olvid\u00f3 de donde provino, se le olvid\u00f3 la lucha, se rode\u00f3 de corruptos e ignorantes.<\/p>\n\n\n\n<p>Sostuvo que el Mandatario no estaba preparado para lidiar con el poder que nunca tuvo y, ahora al querer hacer su voluntad y ser exhibido su gobierno, sale furioso contra ella, que es una mujer que ha dedicado toda su vida a la Judicatura, sin una mancha.<\/p>\n\n\n\n<p>No dud\u00f3 que le fabriquen m\u00e1s delitos con un Poder Judicial sometido y con una presidenta que s\u00f3lo sabe vestirse de color guinda y querer quedar bien con el Gobernador, tal como lo hac\u00eda antes con el exsecretario de Gobierno, Eric Cisneros, con quien presum\u00eda cercan\u00eda.<\/p>\n\n\n\n<p>&#8220;Ya me quitaron una vez la libertad, \u00bfqu\u00e9 m\u00e1s me van a quitar ahora, la vida?, pero bueno, se\u00f1or Gobernador usted no escucha ni a m\u00ed ni a las madres buscadoras, ni a las v\u00edctimas de feminicidio&#8221;, acuso.<\/p>\n\n\n\n<p>&#8220;Lo que no hizo en todo el sexenio, no lo va a hacer en todos estos meses que le quedan como gobernador. Est\u00e1 bien, usted tiene toda la raz\u00f3n, usted sabe m\u00e1s que la ONU, que se\u00f1al\u00f3 que fui v\u00edctima de desaparici\u00f3n forzada&#8221;, manifest\u00f3.<\/p>\n\n\n\n<p>Finalmente Ang\u00e9lica S\u00e1nchez ironiz\u00f3 y dijo que \u00e9l sabe m\u00e1s que todos aquellos que han sido v\u00edctimas de violencia, de feminicidio, &#8220;sabe m\u00e1s todos&#8221;.<\/p>\n","protected":false},"excerpt":{"rendered":"<p>Dar\u00edo Pale Xalapa, Ver.- Antes de entrar a su audiencia en Pacho Viejo la exjueza se\u00f1al\u00f3 que, &#8220;ya me quitaron una vez la libertad, \u00bfqu\u00e9 m\u00e1s me van a quitar ahora, la vida? Entrevistada previo al ingreso a su audiencia de imputaci\u00f3n, la exjueza del Poder Judicial de Veracruz, Ang\u00e9lica S\u00e1nchez, expres\u00f3 que cualquier atentado [&hellip;]<\/p>\n","protected":false},"author":2476,"featured_media":50304,"comment_status":"open","ping_status":"open","sticky":false,"template":"","format":"standard","meta":{"_jetpack_memberships_contains_paid_content":false,"footnotes":""},"categories":[8],"tags":[],"class_list":["post-50303","post","type-post","status-publish","format-standard","has-post-thumbnail","hentry","category-region"],"jetpack_featured_media_url":"https:\/\/encuentroinformativo.com.mx\/wp-content\/uploads\/2024\/02\/IMG-20240206-WA0120.jpg","jetpack_sharing_enabled":true,"jetpack_likes_enabled":true,"amp_enabled":true,"_links":{"self":[{"href":"https:\/\/encuentroinformativo.com.mx\/index.php?rest_route=\/wp\/v2\/posts\/50303","targetHints":{"allow":["GET"]}}],"collection":[{"href":"https:\/\/encuentroinformativo.com.mx\/index.php?rest_route=\/wp\/v2\/posts"}],"about":[{"href":"https:\/\/encuentroinformativo.com.mx\/index.php?rest_route=\/wp\/v2\/types\/post"}],"author":[{"embeddable":true,"href":"https:\/\/encuentroinformativo.com.mx\/index.php?rest_route=\/wp\/v2\/users\/2476"}],"replies":[{"embeddable":true,"href":"https:\/\/encuentroinformativo.com.mx\/index.php?rest_route=%2Fwp%2Fv2%2Fcomments&post=50303"}],"version-history":[{"count":1,"href":"https:\/\/encuentroinformativo.com.mx\/index.php?rest_route=\/wp\/v2\/posts\/50303\/revisions"}],"predecessor-version":[{"id":50305,"href":"https:\/\/encuentroinformativo.com.mx\/index.php?rest_route=\/wp\/v2\/posts\/50303\/revisions\/50305"}],"wp:featuredmedia":[{"embeddable":true,"href":"https:\/\/encuentroinformativo.com.mx\/index.php?rest_route=\/wp\/v2\/media\/50304"}],"wp:attachment":[{"href":"https:\/\/encuentroinformativo.com.mx\/index.php?rest_route=%2Fwp%2Fv2%2Fmedia&parent=50303"}],"wp:term":[{"taxonomy":"category","embeddable":true,"href":"https:\/\/encuentroinformativo.com.mx\/index.php?rest_route=%2Fwp%2Fv2%2Fcategories&post=50303"},{"taxonomy":"post_tag","embeddable":true,"href":"https:\/\/encuentroinformativo.com.mx\/index.php?rest_route=%2Fwp%2Fv2%2Ftags&post=50303"}],"curies":[{"name":"wp","href":"https:\/\/api.w.org\/{rel}","templated":true}]}}