{"id":5032,"date":"2020-08-18T13:59:45","date_gmt":"2020-08-18T18:59:45","guid":{"rendered":"https:\/\/encuentroinformativo.com\/?p=5032"},"modified":"2020-08-18T13:59:48","modified_gmt":"2020-08-18T18:59:48","slug":"detienen-a-policias-de-paso-del-macho-por-presuntos-nexos-delincuenciales","status":"publish","type":"post","link":"https:\/\/encuentroinformativo.com.mx\/?p=5032","title":{"rendered":"Detienen a polic\u00edas de Paso del Macho por presuntos nexos delincuenciales"},"content":{"rendered":"\n<p><strong>Juan Arcos <\/strong><\/p>\n\n\n\n<p>Xalapa, Ver.- El director de la Polic\u00eda Municipal de Paso del Macho, Candelario \u201cN\u201d, y dos de sus elementos fueron detenidos, la madrugada de este martes, por nexos con la delincuencia organizada, tr\u00e1fico de drogas y portaci\u00f3n de armas de uso exclusivo del Ej\u00e9rcito.<\/p>\n\n\n\n<p>Los servidores p\u00fablicos fueron aprehendidos, junto con diez presuntos integrantes del C\u00e1rtel de Jalisco Nueva Generaci\u00f3n (CJNG), por elementos de la Fuerza Civil, adscritos a la Secretar\u00eda de Seguridad P\u00fablica (SSP) de Veracruz.<\/p>\n\n\n\n<p>La captura de las 13 personas se dio a unos d\u00edas de que el secretario de Seguridad P\u00fablica, Hugo Guti\u00e9rrez Maldonado, pusiera en marcha un operativo en municipios que integran la regi\u00f3n de las Altas Monta\u00f1as.<\/p>\n\n\n\n<p>Adem\u00e1s del director de la Polic\u00eda Municipal, mejor conocido como \u201ccomandante \u00e1guila\u201d, fueron arrestados los oficiales municipales Patricio \u201cN\u201d y Jes\u00fas \u201cN\u201d.<\/p>\n\n\n\n<p>Tambi\u00e9n fueron intervenidos Jos\u00e9 de Jes\u00fas \u201cN\u201d, Daniel \u201cN\u201d, Tom\u00e1s \u201cN\u201d, Jair \u201cN\u201d alias \u201cEl Pintor\u201d, Mois\u00e9s Alejandro \u201cN\u201d alias \u201cEl Conejo\u201d, Jos\u00e9 Carlos \u201cN\u201d, Gustavo Nicol\u00e1s \u201cN\u201d, Gabriel \u201cN\u201d, Narciso \u201cN\u201d y Vadir Alexis \u201cN\u201d, todos ellos integrantes de una c\u00e9lula delictiva perteneciente al CJNG que era protegida por la polic\u00eda local.<\/p>\n\n\n\n<p>Los tres polic\u00edas reconocieron que brindaban protecci\u00f3n a los diez integrantes de la c\u00e9lula delictiva detenidos durante el operativo.<\/p>\n\n\n\n<p>Adem\u00e1s, confirmaron su participaci\u00f3n -junto con la c\u00e9lula delictiva- en el asesinato de un oficial de Tr\u00e1nsito, ocurrido recientemente en el municipio de R\u00edo Blanco, as\u00ed como en delitos de secuestro y extorsi\u00f3n en esa regi\u00f3n central.<\/p>\n\n\n\n<p>En la detenci\u00f3n de las 13 personas participaron elementos de la Fuerza Civil y Guardia Nacional. Fueron aseguradas armas largas, cargadores, cartuchos \u00fatiles, chalecos t\u00e1cticos, droga y veh\u00edculos.<\/p>\n\n\n\n<p>Cabe recordar que el pasado 8 de agosto, tambi\u00e9n fueron detenidos el director de la Polic\u00eda de \u00c1lamo Temapache, Guillermo \u201cN\u201d, y otros seis elementos de esta corporaci\u00f3n, por nexos con la delincuencia.<\/p>\n\n\n\n<p>En este caso, la Fiscal\u00eda Regional Zona Norte-Tuxpan obtuvo la vinculaci\u00f3n a proceso en su contra por tentativa de homicidio, ultrajes a la autoridad y da\u00f1os en agravio de elementos de la Fuerza Civil, as\u00ed como de delitos contra la salud en su modalidad de narcomenudeo por posesi\u00f3n simple de marihuana.<\/p>\n\n\n\n<p><\/p>\n","protected":false},"excerpt":{"rendered":"<p>Juan Arcos Xalapa, Ver.- El director de la Polic\u00eda Municipal de Paso del Macho, Candelario \u201cN\u201d, y dos de sus elementos fueron detenidos, la madrugada de este martes, por nexos con la delincuencia organizada, tr\u00e1fico de drogas y portaci\u00f3n de armas de uso exclusivo del Ej\u00e9rcito. Los servidores p\u00fablicos fueron aprehendidos, junto con diez presuntos [&hellip;]<\/p>\n","protected":false},"author":1,"featured_media":5033,"comment_status":"open","ping_status":"open","sticky":false,"template":"","format":"standard","meta":{"_jetpack_memberships_contains_paid_content":false,"footnotes":""},"categories":[14],"tags":[],"class_list":["post-5032","post","type-post","status-publish","format-standard","has-post-thumbnail","hentry","category-policiaca"],"jetpack_featured_media_url":"https:\/\/encuentroinformativo.com.mx\/wp-content\/uploads\/2020\/08\/AF4B6178-21EA-4CA3-85E4-82B3C8B59F76.jpeg","jetpack_sharing_enabled":true,"jetpack_likes_enabled":true,"amp_enabled":true,"_links":{"self":[{"href":"https:\/\/encuentroinformativo.com.mx\/index.php?rest_route=\/wp\/v2\/posts\/5032","targetHints":{"allow":["GET"]}}],"collection":[{"href":"https:\/\/encuentroinformativo.com.mx\/index.php?rest_route=\/wp\/v2\/posts"}],"about":[{"href":"https:\/\/encuentroinformativo.com.mx\/index.php?rest_route=\/wp\/v2\/types\/post"}],"author":[{"embeddable":true,"href":"https:\/\/encuentroinformativo.com.mx\/index.php?rest_route=\/wp\/v2\/users\/1"}],"replies":[{"embeddable":true,"href":"https:\/\/encuentroinformativo.com.mx\/index.php?rest_route=%2Fwp%2Fv2%2Fcomments&post=5032"}],"version-history":[{"count":1,"href":"https:\/\/encuentroinformativo.com.mx\/index.php?rest_route=\/wp\/v2\/posts\/5032\/revisions"}],"predecessor-version":[{"id":5034,"href":"https:\/\/encuentroinformativo.com.mx\/index.php?rest_route=\/wp\/v2\/posts\/5032\/revisions\/5034"}],"wp:featuredmedia":[{"embeddable":true,"href":"https:\/\/encuentroinformativo.com.mx\/index.php?rest_route=\/wp\/v2\/media\/5033"}],"wp:attachment":[{"href":"https:\/\/encuentroinformativo.com.mx\/index.php?rest_route=%2Fwp%2Fv2%2Fmedia&parent=5032"}],"wp:term":[{"taxonomy":"category","embeddable":true,"href":"https:\/\/encuentroinformativo.com.mx\/index.php?rest_route=%2Fwp%2Fv2%2Fcategories&post=5032"},{"taxonomy":"post_tag","embeddable":true,"href":"https:\/\/encuentroinformativo.com.mx\/index.php?rest_route=%2Fwp%2Fv2%2Ftags&post=5032"}],"curies":[{"name":"wp","href":"https:\/\/api.w.org\/{rel}","templated":true}]}}