{"id":50328,"date":"2024-02-07T13:08:58","date_gmt":"2024-02-07T19:08:58","guid":{"rendered":"https:\/\/encuentroinformativo.com.mx\/?p=50328"},"modified":"2024-02-07T13:09:04","modified_gmt":"2024-02-07T19:09:04","slug":"invitan-a-festival-del-arpa-en-alto-lucero-2","status":"publish","type":"post","link":"https:\/\/encuentroinformativo.com.mx\/?p=50328","title":{"rendered":"Invitan a Festival del Arpa en Alto Lucero"},"content":{"rendered":"\n<p><strong>Dar\u00edo Pale<\/strong><\/p>\n\n\n\n<p>Xalapa, Ver.- El presidente municipal de Alto Lucero, Luis Vicente Aguilar Castillo llev\u00f3 a cabo la presentaci\u00f3n del 23 &#8220;Festival Internacional del Arpa de Cerrillos de D\u00edaz&#8221;, el cual se llevar\u00e1 a cabo el pr\u00f3ximo s\u00e1bado 10 de febrero.<\/p>\n\n\n\n<p>En conferencia de prensa, detall\u00f3 que 24 agrupaciones de arpistas provenientes de diferentes partes del pa\u00eds y el extranjero participar\u00e1n en el evento que dar\u00e1 inicio en punto de las 13:00 horas.<\/p>\n\n\n\n<p>Tomando como referencia la afluencia de a\u00f1os anteriores, el edil estim\u00f3 el arribo de hasta 3 mil visitantes, los cuales podr\u00e1n disfrutar de las diferentes actividades y presentaciones de forma totalmente gratuita.<\/p>\n\n\n\n<p>Por su parte, Manuel L\u00f3pez Andrade, integrante del comit\u00e9 organizador, confirm\u00f3 la presencia de m\u00fasicos y agrupaciones que han destacado por su contribuci\u00f3n al son.<\/p>\n\n\n\n<p>Por \u00faltimo tambi\u00e9n indic\u00f3 que habr\u00e1 exposiciones de artesan\u00edas, entre las que destacar\u00e1 la muestra del arpa jarocha m\u00e1s grande del mundo, misma que est\u00e1 certificada ante notario p\u00fablico.<\/p>\n","protected":false},"excerpt":{"rendered":"<p>Dar\u00edo Pale Xalapa, Ver.- El presidente municipal de Alto Lucero, Luis Vicente Aguilar Castillo llev\u00f3 a cabo la presentaci\u00f3n del 23 &#8220;Festival Internacional del Arpa de Cerrillos de D\u00edaz&#8221;, el cual se llevar\u00e1 a cabo el pr\u00f3ximo s\u00e1bado 10 de febrero. En conferencia de prensa, detall\u00f3 que 24 agrupaciones de arpistas provenientes de diferentes partes [&hellip;]<\/p>\n","protected":false},"author":2476,"featured_media":50329,"comment_status":"open","ping_status":"open","sticky":false,"template":"","format":"standard","meta":{"_jetpack_memberships_contains_paid_content":false,"footnotes":""},"categories":[8],"tags":[],"class_list":["post-50328","post","type-post","status-publish","format-standard","has-post-thumbnail","hentry","category-region"],"jetpack_featured_media_url":"https:\/\/encuentroinformativo.com.mx\/wp-content\/uploads\/2024\/02\/IMG-20240207-WA00322.jpg","jetpack_sharing_enabled":true,"jetpack_likes_enabled":true,"amp_enabled":true,"_links":{"self":[{"href":"https:\/\/encuentroinformativo.com.mx\/index.php?rest_route=\/wp\/v2\/posts\/50328","targetHints":{"allow":["GET"]}}],"collection":[{"href":"https:\/\/encuentroinformativo.com.mx\/index.php?rest_route=\/wp\/v2\/posts"}],"about":[{"href":"https:\/\/encuentroinformativo.com.mx\/index.php?rest_route=\/wp\/v2\/types\/post"}],"author":[{"embeddable":true,"href":"https:\/\/encuentroinformativo.com.mx\/index.php?rest_route=\/wp\/v2\/users\/2476"}],"replies":[{"embeddable":true,"href":"https:\/\/encuentroinformativo.com.mx\/index.php?rest_route=%2Fwp%2Fv2%2Fcomments&post=50328"}],"version-history":[{"count":1,"href":"https:\/\/encuentroinformativo.com.mx\/index.php?rest_route=\/wp\/v2\/posts\/50328\/revisions"}],"predecessor-version":[{"id":50330,"href":"https:\/\/encuentroinformativo.com.mx\/index.php?rest_route=\/wp\/v2\/posts\/50328\/revisions\/50330"}],"wp:featuredmedia":[{"embeddable":true,"href":"https:\/\/encuentroinformativo.com.mx\/index.php?rest_route=\/wp\/v2\/media\/50329"}],"wp:attachment":[{"href":"https:\/\/encuentroinformativo.com.mx\/index.php?rest_route=%2Fwp%2Fv2%2Fmedia&parent=50328"}],"wp:term":[{"taxonomy":"category","embeddable":true,"href":"https:\/\/encuentroinformativo.com.mx\/index.php?rest_route=%2Fwp%2Fv2%2Fcategories&post=50328"},{"taxonomy":"post_tag","embeddable":true,"href":"https:\/\/encuentroinformativo.com.mx\/index.php?rest_route=%2Fwp%2Fv2%2Ftags&post=50328"}],"curies":[{"name":"wp","href":"https:\/\/api.w.org\/{rel}","templated":true}]}}