{"id":50331,"date":"2024-02-07T16:06:39","date_gmt":"2024-02-07T22:06:39","guid":{"rendered":"https:\/\/encuentroinformativo.com.mx\/?p=50331"},"modified":"2024-02-07T16:06:44","modified_gmt":"2024-02-07T22:06:44","slug":"veracruz-necesita-un-gobernador-de-lujo-paco-avila","status":"publish","type":"post","link":"https:\/\/encuentroinformativo.com.mx\/?p=50331","title":{"rendered":"Veracruz necesita un gobernador de lujo: Paco \u00c1vila"},"content":{"rendered":"\n<p><strong>Alejandro \u00c1vila<\/strong><\/p>\n\n\n\n<p>Veracruz, Ver.- El ex alcalde de Veracruz, Francisco \u00c1vila Camberos, se\u00f1al\u00f3 que Veracruz necesita \u201cun gobernador de lujo\u201d, alguien preparado, que sepa unir a todos los sectores y dialogar, que quiera al Estado y que lo conozca para que pueda resolver los problemas que se padecen como la inseguridad, el desempleo, la falta de infraestructura y que, adem\u00e1s, pueda atraer inversiones con el reacomodo de empresas a nivel nacional.<\/p>\n\n\n\n<p>El expresidente de la COPARMEX en Veracruz, aseguro que la entidad veracruzana merece alguien con altura de miras.<\/p>\n\n\n\n<p>Desde su perspectiva, antes era \u201cimpensable\u201d que en el Estado se pudiera tener un precandidato de una coalici\u00f3n como ahora lo es, Jos\u00e9 Francisco Yunes Zorrilla, quien abandera al PRI-PAN-PRD en \u201cFuerza y Coraz\u00f3n por Veracruz\u201d, y asegur\u00f3 que el factor m\u00e1s importante es la propia ciudadan\u00eda y los sectores que cansados de la administraci\u00f3n actual de MORENA han empujado con todo este proyecto.<\/p>\n\n\n\n<p>\u201cMe parec\u00eda algo muy dif\u00edcil de lograr, pero afortunadamente ha habido la madurez necesaria en los partidos pol\u00edticos que forman el Frente Opositor y adem\u00e1s ha habido la presi\u00f3n ciudadana que eso es vital para que los partidos se abran y se unan y los partidos presenten una persona competitiva, para que la ciudadan\u00eda vote\u201d.<\/p>\n\n\n\n<p>Francisco \u00c1vila Camberos, quien dijo que estuvo en la pol\u00edtica por circunstancias de la vida, afirm\u00f3 que percibe es que la gente apoya a Pepe Yunes por su calidad y trayectoria que pesan al momento de comparar los proyectos de las fuerzas pol\u00edticas.<\/p>\n\n\n\n<p>\u201cConozco a Pepe Yunes desde hace 27 a\u00f1os, cuando ambos fuimos alcaldes y tuvimos oportunidad de convivir, es una persona muy respetuosa, muy educado; bastante preparado y me parece la persona id\u00f3nea para que dirija los destinos de Veracruz. Tiene la apertura necesaria para escuchar\u201d.<\/p>\n\n\n\n<p>Para el empresario, existe un atributo que quien busque gobernar la entidad debe tener y es una escucha activa: \u201cpues hay quienes oyen, pero no escuchan, otros que oyen solamente en \u00e9poca de campa\u00f1as porque hay que conseguir votos, pero me parece que \u00e9l ser\u00e1 un excelente gobernador y si se rodea de gente capaz puede llegar a ser uno de los mejores gobernadores de Veracruz\u201d.<\/p>\n\n\n\n<p>El pol\u00edtico veracruzano dijo que no existen las gubernaturas plurinominales, por ello, Pepe Yunes debe convencer, pero ante todo debe \u201cganar por nocaut\u201d para no dejar duda de los resultados.<\/p>\n\n\n\n<p>\u201cTiene que vencer, tiene que ganar por nocaut, eso es ganar por una diferencia importante de votos. Me da la impresi\u00f3n que quienes creemos en el proyecto, una vez que inicien las campa\u00f1as podamos ayudar a promoverlo para que sea nuestro pr\u00f3ximo Gobernador\u201d.<\/p>\n","protected":false},"excerpt":{"rendered":"<p>Alejandro \u00c1vila Veracruz, Ver.- El ex alcalde de Veracruz, Francisco \u00c1vila Camberos, se\u00f1al\u00f3 que Veracruz necesita \u201cun gobernador de lujo\u201d, alguien preparado, que sepa unir a todos los sectores y dialogar, que quiera al Estado y que lo conozca para que pueda resolver los problemas que se padecen como la inseguridad, el desempleo, la falta [&hellip;]<\/p>\n","protected":false},"author":2476,"featured_media":50332,"comment_status":"open","ping_status":"open","sticky":false,"template":"","format":"standard","meta":{"_jetpack_memberships_contains_paid_content":false,"footnotes":""},"categories":[2],"tags":[],"class_list":["post-50331","post","type-post","status-publish","format-standard","has-post-thumbnail","hentry","category-estado"],"jetpack_featured_media_url":"https:\/\/encuentroinformativo.com.mx\/wp-content\/uploads\/2024\/02\/IMG-20240207-WA0029.jpg","jetpack_sharing_enabled":true,"jetpack_likes_enabled":true,"amp_enabled":true,"_links":{"self":[{"href":"https:\/\/encuentroinformativo.com.mx\/index.php?rest_route=\/wp\/v2\/posts\/50331","targetHints":{"allow":["GET"]}}],"collection":[{"href":"https:\/\/encuentroinformativo.com.mx\/index.php?rest_route=\/wp\/v2\/posts"}],"about":[{"href":"https:\/\/encuentroinformativo.com.mx\/index.php?rest_route=\/wp\/v2\/types\/post"}],"author":[{"embeddable":true,"href":"https:\/\/encuentroinformativo.com.mx\/index.php?rest_route=\/wp\/v2\/users\/2476"}],"replies":[{"embeddable":true,"href":"https:\/\/encuentroinformativo.com.mx\/index.php?rest_route=%2Fwp%2Fv2%2Fcomments&post=50331"}],"version-history":[{"count":1,"href":"https:\/\/encuentroinformativo.com.mx\/index.php?rest_route=\/wp\/v2\/posts\/50331\/revisions"}],"predecessor-version":[{"id":50333,"href":"https:\/\/encuentroinformativo.com.mx\/index.php?rest_route=\/wp\/v2\/posts\/50331\/revisions\/50333"}],"wp:featuredmedia":[{"embeddable":true,"href":"https:\/\/encuentroinformativo.com.mx\/index.php?rest_route=\/wp\/v2\/media\/50332"}],"wp:attachment":[{"href":"https:\/\/encuentroinformativo.com.mx\/index.php?rest_route=%2Fwp%2Fv2%2Fmedia&parent=50331"}],"wp:term":[{"taxonomy":"category","embeddable":true,"href":"https:\/\/encuentroinformativo.com.mx\/index.php?rest_route=%2Fwp%2Fv2%2Fcategories&post=50331"},{"taxonomy":"post_tag","embeddable":true,"href":"https:\/\/encuentroinformativo.com.mx\/index.php?rest_route=%2Fwp%2Fv2%2Ftags&post=50331"}],"curies":[{"name":"wp","href":"https:\/\/api.w.org\/{rel}","templated":true}]}}