{"id":50343,"date":"2024-02-07T16:43:29","date_gmt":"2024-02-07T22:43:29","guid":{"rendered":"https:\/\/encuentroinformativo.com.mx\/?p=50343"},"modified":"2024-02-07T16:43:34","modified_gmt":"2024-02-07T22:43:34","slug":"prd-busca-postular-a-ex-rectora-como-candidata-al-senado","status":"publish","type":"post","link":"https:\/\/encuentroinformativo.com.mx\/?p=50343","title":{"rendered":"PRD busca postular a ex rectora como candidata al Senado"},"content":{"rendered":"\n<p><strong>Dar\u00edo Pale <\/strong><\/p>\n\n\n\n<p>Xalapa, Ver.- El representante del PRD ante la Mesa del Consejo General del Organismo P\u00fablico Local Electoral (OPLE), Balfren Mart\u00edn Carrasco Cast\u00e1n confirm\u00f3 que entre las candidatas al senado se menciona a Mariana Dunyaska Garc\u00eda Rojas, que ya fue diputada federal del PAN, as\u00ed como a la ex rectora de la Universidad Veracruzana (UV), Sara Ladr\u00f3n de Guevara identificada con la izquierda.<\/p>\n\n\n\n<p>En entrevista dijo que \u201ctraemos varias propuestas, una es la diputada del Boca del R\u00edo, Mariana Dunyaska Garc\u00eda Rojas y la ex rectora de la Universidad, Sara Ladr\u00f3n, esas son las propuestas que traemos y estamos valorando&#8221;.<\/p>\n\n\n\n<p>Dijo que se espera que la pr\u00f3xima semana el Partido de la Revoluci\u00f3n Democr\u00e1tica (PRD) pueda definir las candidaturas al Senado en Veracruz, que ir\u00e1 impulsado por la alianza Fuerza y Coraz\u00f3n por M\u00e9xico.<\/p>\n\n\n\n<p>En el acuerdo de coalici\u00f3n Fuerza y Coraz\u00f3n por M\u00e9xico se defini\u00f3 que PAN, PRI y PRD, se defini\u00f3 que el PAN postular\u00e1 la primera f\u00f3rmula, de g\u00e9nero hombre, y el PRD registrar\u00eda la segunda f\u00f3rmula con g\u00e9nero mujer\u00a0<\/p>\n\n\n\n<p>Por \u00faltimo se\u00f1al\u00f3 que, \u201ctomaremos la mejor decisi\u00f3n para la coalici\u00f3n y para el partido; en una semana o semana y media tendremos que definir\u201d.<\/p>\n","protected":false},"excerpt":{"rendered":"<p>Dar\u00edo Pale Xalapa, Ver.- El representante del PRD ante la Mesa del Consejo General del Organismo P\u00fablico Local Electoral (OPLE), Balfren Mart\u00edn Carrasco Cast\u00e1n confirm\u00f3 que entre las candidatas al senado se menciona a Mariana Dunyaska Garc\u00eda Rojas, que ya fue diputada federal del PAN, as\u00ed como a la ex rectora de la Universidad Veracruzana [&hellip;]<\/p>\n","protected":false},"author":2476,"featured_media":50344,"comment_status":"open","ping_status":"open","sticky":false,"template":"","format":"standard","meta":{"_jetpack_memberships_contains_paid_content":false,"footnotes":""},"categories":[2],"tags":[],"class_list":["post-50343","post","type-post","status-publish","format-standard","has-post-thumbnail","hentry","category-estado"],"jetpack_featured_media_url":"https:\/\/encuentroinformativo.com.mx\/wp-content\/uploads\/2024\/02\/IMG-20240207-WA0060.jpg","jetpack_sharing_enabled":true,"jetpack_likes_enabled":true,"amp_enabled":true,"_links":{"self":[{"href":"https:\/\/encuentroinformativo.com.mx\/index.php?rest_route=\/wp\/v2\/posts\/50343","targetHints":{"allow":["GET"]}}],"collection":[{"href":"https:\/\/encuentroinformativo.com.mx\/index.php?rest_route=\/wp\/v2\/posts"}],"about":[{"href":"https:\/\/encuentroinformativo.com.mx\/index.php?rest_route=\/wp\/v2\/types\/post"}],"author":[{"embeddable":true,"href":"https:\/\/encuentroinformativo.com.mx\/index.php?rest_route=\/wp\/v2\/users\/2476"}],"replies":[{"embeddable":true,"href":"https:\/\/encuentroinformativo.com.mx\/index.php?rest_route=%2Fwp%2Fv2%2Fcomments&post=50343"}],"version-history":[{"count":1,"href":"https:\/\/encuentroinformativo.com.mx\/index.php?rest_route=\/wp\/v2\/posts\/50343\/revisions"}],"predecessor-version":[{"id":50345,"href":"https:\/\/encuentroinformativo.com.mx\/index.php?rest_route=\/wp\/v2\/posts\/50343\/revisions\/50345"}],"wp:featuredmedia":[{"embeddable":true,"href":"https:\/\/encuentroinformativo.com.mx\/index.php?rest_route=\/wp\/v2\/media\/50344"}],"wp:attachment":[{"href":"https:\/\/encuentroinformativo.com.mx\/index.php?rest_route=%2Fwp%2Fv2%2Fmedia&parent=50343"}],"wp:term":[{"taxonomy":"category","embeddable":true,"href":"https:\/\/encuentroinformativo.com.mx\/index.php?rest_route=%2Fwp%2Fv2%2Fcategories&post=50343"},{"taxonomy":"post_tag","embeddable":true,"href":"https:\/\/encuentroinformativo.com.mx\/index.php?rest_route=%2Fwp%2Fv2%2Ftags&post=50343"}],"curies":[{"name":"wp","href":"https:\/\/api.w.org\/{rel}","templated":true}]}}