{"id":50373,"date":"2024-02-08T11:45:04","date_gmt":"2024-02-08T17:45:04","guid":{"rendered":"https:\/\/encuentroinformativo.com.mx\/?p=50373"},"modified":"2024-02-08T11:45:09","modified_gmt":"2024-02-08T17:45:09","slug":"supervisa-alcalde-jm-unanue-trabajos-finales-de-la-avenida-juan-pablo-segundo","status":"publish","type":"post","link":"https:\/\/encuentroinformativo.com.mx\/?p=50373","title":{"rendered":"Supervisa Alcalde JM Un\u00e1nue trabajos finales de la avenida Juan Pablo Segundo"},"content":{"rendered":"\n<p><strong>*<em>En pr\u00f3ximos d\u00edas se estar\u00e1 concluyendo la segunda y tercera etapa de esta magna obra que mejorar\u00e1 la calidad de vida en la zona<\/em>.<\/strong><\/p>\n\n\n\n<p>Boca del R\u00edo, Ver.- El alcalde de Boca del R\u00edo, Juan Manuel Un\u00e1nue Abascal, supervis\u00f3 y recorri\u00f3 el avance de la rehabilitaci\u00f3n de la segunda y tercera etapa de la avenida Juan Pablo II, la cual beneficiar\u00e1 a habitantes de la zona y a miles de ciudadanos que diariamente la transitan.<\/p>\n\n\n\n<p>\u201cMe da gusto anunciarles que los carriles lado norte (Costa Verde a Espa\u00f1a) de la Avenida Juan Pablo II se abrir\u00e1n este fin de semana y que el gran avance que tenemos nos permitir\u00e1 terminar en 15 d\u00edas esta fase de la obra\u201d, inform\u00f3 el ejecutivo municipal.<\/p>\n\n\n\n<p>Adem\u00e1s destac\u00f3 que no solo es un beneficio para los ciudadanos a pie y automovilistas, sino tambi\u00e9n para el desarrollo econ\u00f3mico de la ciudad al contar con una vialidad nueva y duradera.<\/p>\n\n\n\n<p>Por otra parte, Un\u00e1nue Abascal dio a conocer que en pr\u00f3ximos meses se iniciar\u00e1 con la obra de rehabilitaci\u00f3n de la cuarta y \u00faltima etapa, la cual se realizar\u00e1 en su totalidad con recursos municipales.<\/p>\n\n\n\n<p>Cabe recordar que en pasadas fechas se anunci\u00f3 la obra de la avenida 15 de la colonia Carranza Segunda Secci\u00f3n, la cual abarcar\u00e1 m\u00e1s de 8 mil metros cuadrados de construcci\u00f3n desde el Dren B hasta la calle 8.<\/p>\n\n\n\n<p>Al momento ya se cuenta con avances importantes en dos obras; la pavimentaci\u00f3n con concreto hidr\u00e1ulico en la calle Heriberto Jara en la colonia Primero de Mayo Sur y la avenida Independencia de la colonia R\u00edo Jamapa, obra solicitada por los vecinos y que tambi\u00e9n quedar\u00e1 pavimentada con concreto hidr\u00e1ulico, banquetas, guarniciones nuevas, adem\u00e1s de la rehabilitaci\u00f3n completa del servicio de drenaje sanitario y pluvial, sum\u00e1ndose la red de agua potable.<\/p>\n\n\n\n<p>Finalmente, Juan Manuel Un\u00e1nue Abascal, reiter\u00f3 que de manera personal recorre y supervisa las diferentes obras, pues es imperativo atestiguar que en Boca del R\u00edo se realizan acciones de calidad y de beneficio social.<\/p>\n","protected":false},"excerpt":{"rendered":"<p>*En pr\u00f3ximos d\u00edas se estar\u00e1 concluyendo la segunda y tercera etapa de esta magna obra que mejorar\u00e1 la calidad de vida en la zona. Boca del R\u00edo, Ver.- El alcalde de Boca del R\u00edo, Juan Manuel Un\u00e1nue Abascal, supervis\u00f3 y recorri\u00f3 el avance de la rehabilitaci\u00f3n de la segunda y tercera etapa de la avenida [&hellip;]<\/p>\n","protected":false},"author":2476,"featured_media":50374,"comment_status":"open","ping_status":"open","sticky":false,"template":"","format":"standard","meta":{"_jetpack_memberships_contains_paid_content":false,"footnotes":""},"categories":[2],"tags":[],"class_list":["post-50373","post","type-post","status-publish","format-standard","has-post-thumbnail","hentry","category-estado"],"jetpack_featured_media_url":"https:\/\/encuentroinformativo.com.mx\/wp-content\/uploads\/2024\/02\/JMU-Juan-Pablo-II-3.jpg","jetpack_sharing_enabled":true,"jetpack_likes_enabled":true,"amp_enabled":true,"_links":{"self":[{"href":"https:\/\/encuentroinformativo.com.mx\/index.php?rest_route=\/wp\/v2\/posts\/50373","targetHints":{"allow":["GET"]}}],"collection":[{"href":"https:\/\/encuentroinformativo.com.mx\/index.php?rest_route=\/wp\/v2\/posts"}],"about":[{"href":"https:\/\/encuentroinformativo.com.mx\/index.php?rest_route=\/wp\/v2\/types\/post"}],"author":[{"embeddable":true,"href":"https:\/\/encuentroinformativo.com.mx\/index.php?rest_route=\/wp\/v2\/users\/2476"}],"replies":[{"embeddable":true,"href":"https:\/\/encuentroinformativo.com.mx\/index.php?rest_route=%2Fwp%2Fv2%2Fcomments&post=50373"}],"version-history":[{"count":1,"href":"https:\/\/encuentroinformativo.com.mx\/index.php?rest_route=\/wp\/v2\/posts\/50373\/revisions"}],"predecessor-version":[{"id":50375,"href":"https:\/\/encuentroinformativo.com.mx\/index.php?rest_route=\/wp\/v2\/posts\/50373\/revisions\/50375"}],"wp:featuredmedia":[{"embeddable":true,"href":"https:\/\/encuentroinformativo.com.mx\/index.php?rest_route=\/wp\/v2\/media\/50374"}],"wp:attachment":[{"href":"https:\/\/encuentroinformativo.com.mx\/index.php?rest_route=%2Fwp%2Fv2%2Fmedia&parent=50373"}],"wp:term":[{"taxonomy":"category","embeddable":true,"href":"https:\/\/encuentroinformativo.com.mx\/index.php?rest_route=%2Fwp%2Fv2%2Fcategories&post=50373"},{"taxonomy":"post_tag","embeddable":true,"href":"https:\/\/encuentroinformativo.com.mx\/index.php?rest_route=%2Fwp%2Fv2%2Ftags&post=50373"}],"curies":[{"name":"wp","href":"https:\/\/api.w.org\/{rel}","templated":true}]}}