{"id":50376,"date":"2024-02-08T13:42:31","date_gmt":"2024-02-08T19:42:31","guid":{"rendered":"https:\/\/encuentroinformativo.com.mx\/?p=50376"},"modified":"2024-02-08T13:42:41","modified_gmt":"2024-02-08T19:42:41","slug":"solicitan-garantizar-acceso-al-voto-para-personas-con-discapacidad","status":"publish","type":"post","link":"https:\/\/encuentroinformativo.com.mx\/?p=50376","title":{"rendered":"Solicitan garantizar acceso al voto para personas con discapacidad"},"content":{"rendered":"\n<p><strong>Dar\u00edo Pale <\/strong><\/p>\n\n\n\n<p>Xalapa, Ver.- Hacen un llamado al Instituto Nacional Electoral (INE), y al Organismo P\u00fablico Local Electoral (OPLE), para que informe que medidas se adoptar\u00e1n para garantizar el acceso al voto de este sector en las pr\u00f3ximas elecciones, as\u00ed lo dio a conocer el Integrante de la Comisi\u00f3n Estatal de personas con discapacidad de Veracruz, Jos\u00e9 Arturo Acosta Hern\u00e1ndez.<\/p>\n\n\n\n<p>En conferencia de prensa, dijo que hay preocupaci\u00f3n sobre la falta de claridad por parte del INE y del OPLE respecto a las medidas y elementos especiales que garanticen el acceso al voto para personas con discapacidad\u00a0.<\/p>\n\n\n\n<p>Refiri\u00f3 que en la entidad hay m\u00e1s de un mill\u00f3n 100 mil personas en esta condici\u00f3n que forman parte del padr\u00f3n electoral y agreg\u00f3 que no hay certeza en la accesibilidad del cien por ciento de las casillas.<\/p>\n\n\n\n<p>&#8220;El INE no ha dado difusi\u00f3n clara de como lo vamos a poder hacer, las condiciones para que se emita el voto. Hay una jurisdicci\u00f3n, la 7\/2023 que nos da el derecho&#8221;, se\u00f1al\u00f3.<\/p>\n\n\n\n<p>Por \u00faltimo precis\u00f3 tambi\u00e9n que ambas instituciones acordaron el modelo de Voto Anticipado, mismo que refiere a personas en estado de postraci\u00f3n y que el sufragio ser\u00e1 a trav\u00e9s de la visita de autoridades electorales, sin embargo insisti\u00f3 que no hay informaci\u00f3n clara de como se va a operar.<\/p>\n","protected":false},"excerpt":{"rendered":"<p>Dar\u00edo Pale Xalapa, Ver.- Hacen un llamado al Instituto Nacional Electoral (INE), y al Organismo P\u00fablico Local Electoral (OPLE), para que informe que medidas se adoptar\u00e1n para garantizar el acceso al voto de este sector en las pr\u00f3ximas elecciones, as\u00ed lo dio a conocer el Integrante de la Comisi\u00f3n Estatal de personas con discapacidad de [&hellip;]<\/p>\n","protected":false},"author":2476,"featured_media":50377,"comment_status":"open","ping_status":"open","sticky":false,"template":"","format":"standard","meta":{"_jetpack_memberships_contains_paid_content":false,"footnotes":""},"categories":[2],"tags":[],"class_list":["post-50376","post","type-post","status-publish","format-standard","has-post-thumbnail","hentry","category-estado"],"jetpack_featured_media_url":"https:\/\/encuentroinformativo.com.mx\/wp-content\/uploads\/2024\/02\/IMG-20240208-WA0048.jpg","jetpack_sharing_enabled":true,"jetpack_likes_enabled":true,"amp_enabled":true,"_links":{"self":[{"href":"https:\/\/encuentroinformativo.com.mx\/index.php?rest_route=\/wp\/v2\/posts\/50376","targetHints":{"allow":["GET"]}}],"collection":[{"href":"https:\/\/encuentroinformativo.com.mx\/index.php?rest_route=\/wp\/v2\/posts"}],"about":[{"href":"https:\/\/encuentroinformativo.com.mx\/index.php?rest_route=\/wp\/v2\/types\/post"}],"author":[{"embeddable":true,"href":"https:\/\/encuentroinformativo.com.mx\/index.php?rest_route=\/wp\/v2\/users\/2476"}],"replies":[{"embeddable":true,"href":"https:\/\/encuentroinformativo.com.mx\/index.php?rest_route=%2Fwp%2Fv2%2Fcomments&post=50376"}],"version-history":[{"count":1,"href":"https:\/\/encuentroinformativo.com.mx\/index.php?rest_route=\/wp\/v2\/posts\/50376\/revisions"}],"predecessor-version":[{"id":50378,"href":"https:\/\/encuentroinformativo.com.mx\/index.php?rest_route=\/wp\/v2\/posts\/50376\/revisions\/50378"}],"wp:featuredmedia":[{"embeddable":true,"href":"https:\/\/encuentroinformativo.com.mx\/index.php?rest_route=\/wp\/v2\/media\/50377"}],"wp:attachment":[{"href":"https:\/\/encuentroinformativo.com.mx\/index.php?rest_route=%2Fwp%2Fv2%2Fmedia&parent=50376"}],"wp:term":[{"taxonomy":"category","embeddable":true,"href":"https:\/\/encuentroinformativo.com.mx\/index.php?rest_route=%2Fwp%2Fv2%2Fcategories&post=50376"},{"taxonomy":"post_tag","embeddable":true,"href":"https:\/\/encuentroinformativo.com.mx\/index.php?rest_route=%2Fwp%2Fv2%2Ftags&post=50376"}],"curies":[{"name":"wp","href":"https:\/\/api.w.org\/{rel}","templated":true}]}}