{"id":50382,"date":"2024-02-08T14:09:30","date_gmt":"2024-02-08T20:09:30","guid":{"rendered":"https:\/\/encuentroinformativo.com.mx\/?p=50382"},"modified":"2024-02-08T14:09:35","modified_gmt":"2024-02-08T20:09:35","slug":"por-presunto-desvio-de-recursos-presento-pepe-yunes-denuncias-penales","status":"publish","type":"post","link":"https:\/\/encuentroinformativo.com.mx\/?p=50382","title":{"rendered":"Por presunto desv\u00edo de recursos, present\u00f3 Pepe Yunes denuncias  penales"},"content":{"rendered":"\n<p><strong>Dar\u00edo Pale <\/strong><\/p>\n\n\n\n<p>Xalapa, Ver.- Present\u00f3 tres denuncias penales en contra de la administraci\u00f3n de Cuitl\u00e1huac Garc\u00eda Jim\u00e9nez, por los presuntos delitos de incumplimiento de un deber legal, as\u00ed como por coalici\u00f3n y cohecho de servidores p\u00fablicos, as\u00ed lo dio a conocer el precandidato a la gubernatura por la coalici\u00f3n &#8220;Fuerza y Coraz\u00f3n por Veracruz&#8221;, Jos\u00e9 Francisco Yunes Zorrilla.<\/p>\n\n\n\n<p>Entrevistado posterior a la presentaci\u00f3n de las denuncias, puntualiz\u00f3 que son por tres eventos en los que se usa infraestructura del Estado.\u00a0<\/p>\n\n\n\n<p>Yunes Zorrilla expuso que se presentaron las denuncias ante la Fiscal\u00eda Anticorrupci\u00f3n en contra de quien resulte responsable.<\/p>\n\n\n\n<p>Adelant\u00f3 que adem\u00e1s presentar\u00e1 denuncias ante la Fiscal\u00eda General de la Rep\u00fablica y la Fiscal\u00eda Especializada en Delitos Electorales.<\/p>\n\n\n\n<p>Adem\u00e1s, har\u00e1 lo propio al presentar las quejas y denuncias correspondientes ante el Organismo P\u00fablico Local Electoral y el Instituto Nacional Electoral.<\/p>\n\n\n\n<p>Los hechos que se denuncian son por el uso de bienes y aparatos gubernamentales en el mitin de Poza Rica, donde tambi\u00e9n estuvo presente la precandidata a la presidencia Claudia Sheinbuam.<\/p>\n\n\n\n<p>Asimismo, por la transmisi\u00f3n que hiciera el canal estatal de televisi\u00f3n del arranque de la precampa\u00f1a de Roc\u00edo Nahle en el municipio de Coatzacoalcos.<\/p>\n\n\n\n<p>En ese sentido, se denunci\u00f3 la utilizaci\u00f3n de la estructura personal de la Secretar\u00eda de Educaci\u00f3n de Veracruz, a trav\u00e9s de la agrupaci\u00f3n Maestros con Morena, a favor de la precandidata Roc\u00edo Nahle.<\/p>\n\n\n\n<p>&#8220;Contra qui\u00e9n resulte responsable por el uso de recursos p\u00fablicos en estas tipificaciones legales en perjuicio de los veracruzanos&#8221;, se\u00f1al\u00f3.<\/p>\n\n\n\n<p>Sostuvo que hay pruebas suficientes del uso de recursos p\u00fablicos y del aparato gubernamental en beneficio de Morena y la precandidata Roc\u00edo Nahle.<\/p>\n\n\n\n<p>&#8220;Est\u00e1 a la vista la utilizaci\u00f3n c\u00ednica de recursos p\u00fablicos en un estado que lamentablemente padece condiciones de pobreza&#8221;, coment\u00f3.<\/p>\n\n\n\n<p>Por \u00faltimo se\u00f1al\u00f3 que, &#8220;se utilizan los recursos de los veracruzanos para tratar de ganar la elecci\u00f3n, quieren rob\u00e1rsela, rob\u00e1ndole medicinas, carreteras, apoyo al campo a los veracruzanos para utilizarlos en beneficio de sus candidatos, su candidata y de su partido&#8221;.<\/p>\n","protected":false},"excerpt":{"rendered":"<p>Dar\u00edo Pale Xalapa, Ver.- Present\u00f3 tres denuncias penales en contra de la administraci\u00f3n de Cuitl\u00e1huac Garc\u00eda Jim\u00e9nez, por los presuntos delitos de incumplimiento de un deber legal, as\u00ed como por coalici\u00f3n y cohecho de servidores p\u00fablicos, as\u00ed lo dio a conocer el precandidato a la gubernatura por la coalici\u00f3n &#8220;Fuerza y Coraz\u00f3n por Veracruz&#8221;, Jos\u00e9 [&hellip;]<\/p>\n","protected":false},"author":2476,"featured_media":50383,"comment_status":"open","ping_status":"open","sticky":false,"template":"","format":"standard","meta":{"_jetpack_memberships_contains_paid_content":false,"footnotes":""},"categories":[2],"tags":[],"class_list":["post-50382","post","type-post","status-publish","format-standard","has-post-thumbnail","hentry","category-estado"],"jetpack_featured_media_url":"https:\/\/encuentroinformativo.com.mx\/wp-content\/uploads\/2024\/02\/IMG-20240208-WA0054.jpg","jetpack_sharing_enabled":true,"jetpack_likes_enabled":true,"amp_enabled":true,"_links":{"self":[{"href":"https:\/\/encuentroinformativo.com.mx\/index.php?rest_route=\/wp\/v2\/posts\/50382","targetHints":{"allow":["GET"]}}],"collection":[{"href":"https:\/\/encuentroinformativo.com.mx\/index.php?rest_route=\/wp\/v2\/posts"}],"about":[{"href":"https:\/\/encuentroinformativo.com.mx\/index.php?rest_route=\/wp\/v2\/types\/post"}],"author":[{"embeddable":true,"href":"https:\/\/encuentroinformativo.com.mx\/index.php?rest_route=\/wp\/v2\/users\/2476"}],"replies":[{"embeddable":true,"href":"https:\/\/encuentroinformativo.com.mx\/index.php?rest_route=%2Fwp%2Fv2%2Fcomments&post=50382"}],"version-history":[{"count":1,"href":"https:\/\/encuentroinformativo.com.mx\/index.php?rest_route=\/wp\/v2\/posts\/50382\/revisions"}],"predecessor-version":[{"id":50384,"href":"https:\/\/encuentroinformativo.com.mx\/index.php?rest_route=\/wp\/v2\/posts\/50382\/revisions\/50384"}],"wp:featuredmedia":[{"embeddable":true,"href":"https:\/\/encuentroinformativo.com.mx\/index.php?rest_route=\/wp\/v2\/media\/50383"}],"wp:attachment":[{"href":"https:\/\/encuentroinformativo.com.mx\/index.php?rest_route=%2Fwp%2Fv2%2Fmedia&parent=50382"}],"wp:term":[{"taxonomy":"category","embeddable":true,"href":"https:\/\/encuentroinformativo.com.mx\/index.php?rest_route=%2Fwp%2Fv2%2Fcategories&post=50382"},{"taxonomy":"post_tag","embeddable":true,"href":"https:\/\/encuentroinformativo.com.mx\/index.php?rest_route=%2Fwp%2Fv2%2Ftags&post=50382"}],"curies":[{"name":"wp","href":"https:\/\/api.w.org\/{rel}","templated":true}]}}