{"id":50389,"date":"2024-02-08T16:31:13","date_gmt":"2024-02-08T22:31:13","guid":{"rendered":"https:\/\/encuentroinformativo.com.mx\/?p=50389"},"modified":"2024-02-08T16:31:18","modified_gmt":"2024-02-08T22:31:18","slug":"estudiantes-reclaman-cambio-de-director-en-la-uvi","status":"publish","type":"post","link":"https:\/\/encuentroinformativo.com.mx\/?p=50389","title":{"rendered":"Estudiantes reclaman cambio de director en la UVI"},"content":{"rendered":"\n<p><strong>Juan Arcos <\/strong><\/p>\n\n\n\n<p>Xalapa, Ver.- Estudiantes de la Universidad Veracruzana Intercultural (UVI) en Xalapa exigieron la renuncia del director de la UVI, Daniel Bello, debido a sus presuntas malas gestiones que han llevado a la desaparici\u00f3n de la Licenciatura en Agroecolog\u00eda y Soberan\u00eda Alimentaria.<\/p>\n\n\n\n<p>Los alumnos bloquearon la calle Sebasti\u00e1n Camacho, donde se encuentra el edificio de la UVI, esquina Ignacio Zaragoza, en el centro hist\u00f3rico de la capital veracruzana, la tarde de este jueves 8 de febrero.<\/p>\n\n\n\n<p>Los quejosos se enteraron de la cancelaci\u00f3n de dicho programa acad\u00e9mico durante la ma\u00f1ana de este d\u00eda, lo que gener\u00f3 una gran inconformidad entre la comunidad universitaria.<\/p>\n\n\n\n<p>Por tal motivo, los estudiantes est\u00e1n tomando acciones para visibilizar la situaci\u00f3n y exigir una respuesta inmediata al rector de la Universidad Veracruzana, Mart\u00edn Aguilar S\u00e1nchez.<\/p>\n\n\n\n<p>Son tres generaciones de estudiantes en total y est\u00e1n dispuestos a mantener la protesta hasta obtener una soluci\u00f3n por parte de las autoridades universitarias.<\/p>\n","protected":false},"excerpt":{"rendered":"<p>Juan Arcos Xalapa, Ver.- Estudiantes de la Universidad Veracruzana Intercultural (UVI) en Xalapa exigieron la renuncia del director de la UVI, Daniel Bello, debido a sus presuntas malas gestiones que han llevado a la desaparici\u00f3n de la Licenciatura en Agroecolog\u00eda y Soberan\u00eda Alimentaria. Los alumnos bloquearon la calle Sebasti\u00e1n Camacho, donde se encuentra el edificio [&hellip;]<\/p>\n","protected":false},"author":2476,"featured_media":50390,"comment_status":"open","ping_status":"open","sticky":false,"template":"","format":"standard","meta":{"_jetpack_memberships_contains_paid_content":false,"footnotes":""},"categories":[3],"tags":[],"class_list":["post-50389","post","type-post","status-publish","format-standard","has-post-thumbnail","hentry","category-xalapa"],"jetpack_featured_media_url":"https:\/\/encuentroinformativo.com.mx\/wp-content\/uploads\/2024\/02\/f3c301a4-5d23-4640-9e73-d69658f9ce1b.jpg","jetpack_sharing_enabled":true,"jetpack_likes_enabled":true,"amp_enabled":true,"_links":{"self":[{"href":"https:\/\/encuentroinformativo.com.mx\/index.php?rest_route=\/wp\/v2\/posts\/50389","targetHints":{"allow":["GET"]}}],"collection":[{"href":"https:\/\/encuentroinformativo.com.mx\/index.php?rest_route=\/wp\/v2\/posts"}],"about":[{"href":"https:\/\/encuentroinformativo.com.mx\/index.php?rest_route=\/wp\/v2\/types\/post"}],"author":[{"embeddable":true,"href":"https:\/\/encuentroinformativo.com.mx\/index.php?rest_route=\/wp\/v2\/users\/2476"}],"replies":[{"embeddable":true,"href":"https:\/\/encuentroinformativo.com.mx\/index.php?rest_route=%2Fwp%2Fv2%2Fcomments&post=50389"}],"version-history":[{"count":1,"href":"https:\/\/encuentroinformativo.com.mx\/index.php?rest_route=\/wp\/v2\/posts\/50389\/revisions"}],"predecessor-version":[{"id":50391,"href":"https:\/\/encuentroinformativo.com.mx\/index.php?rest_route=\/wp\/v2\/posts\/50389\/revisions\/50391"}],"wp:featuredmedia":[{"embeddable":true,"href":"https:\/\/encuentroinformativo.com.mx\/index.php?rest_route=\/wp\/v2\/media\/50390"}],"wp:attachment":[{"href":"https:\/\/encuentroinformativo.com.mx\/index.php?rest_route=%2Fwp%2Fv2%2Fmedia&parent=50389"}],"wp:term":[{"taxonomy":"category","embeddable":true,"href":"https:\/\/encuentroinformativo.com.mx\/index.php?rest_route=%2Fwp%2Fv2%2Fcategories&post=50389"},{"taxonomy":"post_tag","embeddable":true,"href":"https:\/\/encuentroinformativo.com.mx\/index.php?rest_route=%2Fwp%2Fv2%2Ftags&post=50389"}],"curies":[{"name":"wp","href":"https:\/\/api.w.org\/{rel}","templated":true}]}}