{"id":50402,"date":"2024-02-08T18:45:54","date_gmt":"2024-02-09T00:45:54","guid":{"rendered":"https:\/\/encuentroinformativo.com.mx\/?p=50402"},"modified":"2024-02-08T18:45:59","modified_gmt":"2024-02-09T00:45:59","slug":"martinez-de-la-torre-tendra-centro-de-transferencia-para-reducir-la-contaminacion-ambiental","status":"publish","type":"post","link":"https:\/\/encuentroinformativo.com.mx\/?p=50402","title":{"rendered":"Mart\u00ednez de la Torre tendr\u00e1 Centro de Transferencia para reducir la contaminaci\u00f3n ambiental"},"content":{"rendered":"\n<p><strong>Alejandro \u00c1vila<\/strong><\/p>\n\n\n\n<p>Mart\u00ednez de la Torre, Ver.- En el municipio de Mart\u00ednez de la Torre se iniciaron los trabajos para la instalaci\u00f3n del Centro de Transferencia de Residuos S\u00f3lidos Urbanos.<\/p>\n\n\n\n<p>El Procurador de Medio Ambiente, Sergio Rodr\u00edguez Cort\u00e9s, se\u00f1al\u00f3 que este es uno de los cinco proyectos de este tipo que se tendr\u00e1n en la entidad veracruzana, y contar\u00e1 con una m\u00e1quina de reciclaje que permitir\u00e1 reducir, reciclar y reutilizar la basura generada en el municipio y aminorar el n\u00famero de residuos que llegan al relleno sanitario.<\/p>\n\n\n\n<p>El inicio de operaciones de dicho Centro tambi\u00e9n permitir\u00e1 aplicar una econom\u00eda circular, un modelo de producci\u00f3n y consumo que implica compartir, alquilar, reutilizar, reparar, renovar y reciclar materiales y productos existentes todas las veces que sea posible para crear un valor a\u00f1adido, extendiendo el ciclo de vida de los productos.<\/p>\n\n\n\n<p>&#8220;Va a establecerse en esta gran galera una m\u00e1quina de reciclaje, est\u00e1 m\u00e1quina nos va a permitir cumplir con el llamado de la ONU-Medioambiente para lograr la econom\u00eda circular, que es darle un valor agregado a aquellos residuos que se pueden reciclar y reutilizar y que estos no tengan una disposici\u00f3n final inadecuada&#8221;, explic\u00f3 el procurador ambiental.<\/p>\n\n\n\n<p>Rodr\u00edguez Cort\u00e9s record\u00f3 que adem\u00e1s del de Mart\u00ednez de la Torre, se instalar\u00e1n Centros de Transferencia de Residuos en los municipios de Papantla, Tuxpan, Rodr\u00edguez Clara y \u00c1ngel R. Cabada, por lo que ya se est\u00e1n preparando los terrenos en esos lugares.<\/p>\n\n\n\n<p>Se\u00f1al\u00f3 que estos grandes proyectos son posibles gracias a la implementaci\u00f3n del Plan de Gesti\u00f3n Estatal de Residuos S\u00f3lidos Urbanos y de Manejo Especial que promueve el Gobierno de Veracruz.<\/p>\n\n\n\n<p>&#8220;Todos estos trabajos representan un gran esfuerzo t\u00e9cnico, un gran esfuerzo de inversi\u00f3n y una pol\u00edtica p\u00fablica muy bien articulada entre el Gobierno del Estado y los municipios&#8221;, insisti\u00f3 el procurador ambiental.<\/p>\n\n\n\n<p>Cabe destacar que apenas este mi\u00e9rcoles por la tarde se anunci\u00f3 la remediaci\u00f3n del tiradero a cielo abierto en Misantla, dando atenci\u00f3n a la solicitud de los ciudadanos del municipio.<\/p>\n","protected":false},"excerpt":{"rendered":"<p>Alejandro \u00c1vila Mart\u00ednez de la Torre, Ver.- En el municipio de Mart\u00ednez de la Torre se iniciaron los trabajos para la instalaci\u00f3n del Centro de Transferencia de Residuos S\u00f3lidos Urbanos. El Procurador de Medio Ambiente, Sergio Rodr\u00edguez Cort\u00e9s, se\u00f1al\u00f3 que este es uno de los cinco proyectos de este tipo que se tendr\u00e1n en la [&hellip;]<\/p>\n","protected":false},"author":2476,"featured_media":50403,"comment_status":"open","ping_status":"open","sticky":false,"template":"","format":"standard","meta":{"_jetpack_memberships_contains_paid_content":false,"footnotes":""},"categories":[2],"tags":[],"class_list":["post-50402","post","type-post","status-publish","format-standard","has-post-thumbnail","hentry","category-estado"],"jetpack_featured_media_url":"https:\/\/encuentroinformativo.com.mx\/wp-content\/uploads\/2024\/02\/IMG-20240207-WA0011.jpg","jetpack_sharing_enabled":true,"jetpack_likes_enabled":true,"amp_enabled":true,"_links":{"self":[{"href":"https:\/\/encuentroinformativo.com.mx\/index.php?rest_route=\/wp\/v2\/posts\/50402","targetHints":{"allow":["GET"]}}],"collection":[{"href":"https:\/\/encuentroinformativo.com.mx\/index.php?rest_route=\/wp\/v2\/posts"}],"about":[{"href":"https:\/\/encuentroinformativo.com.mx\/index.php?rest_route=\/wp\/v2\/types\/post"}],"author":[{"embeddable":true,"href":"https:\/\/encuentroinformativo.com.mx\/index.php?rest_route=\/wp\/v2\/users\/2476"}],"replies":[{"embeddable":true,"href":"https:\/\/encuentroinformativo.com.mx\/index.php?rest_route=%2Fwp%2Fv2%2Fcomments&post=50402"}],"version-history":[{"count":1,"href":"https:\/\/encuentroinformativo.com.mx\/index.php?rest_route=\/wp\/v2\/posts\/50402\/revisions"}],"predecessor-version":[{"id":50404,"href":"https:\/\/encuentroinformativo.com.mx\/index.php?rest_route=\/wp\/v2\/posts\/50402\/revisions\/50404"}],"wp:featuredmedia":[{"embeddable":true,"href":"https:\/\/encuentroinformativo.com.mx\/index.php?rest_route=\/wp\/v2\/media\/50403"}],"wp:attachment":[{"href":"https:\/\/encuentroinformativo.com.mx\/index.php?rest_route=%2Fwp%2Fv2%2Fmedia&parent=50402"}],"wp:term":[{"taxonomy":"category","embeddable":true,"href":"https:\/\/encuentroinformativo.com.mx\/index.php?rest_route=%2Fwp%2Fv2%2Fcategories&post=50402"},{"taxonomy":"post_tag","embeddable":true,"href":"https:\/\/encuentroinformativo.com.mx\/index.php?rest_route=%2Fwp%2Fv2%2Ftags&post=50402"}],"curies":[{"name":"wp","href":"https:\/\/api.w.org\/{rel}","templated":true}]}}