{"id":50405,"date":"2024-02-08T18:51:53","date_gmt":"2024-02-09T00:51:53","guid":{"rendered":"https:\/\/encuentroinformativo.com.mx\/?p=50405"},"modified":"2024-02-08T18:52:00","modified_gmt":"2024-02-09T00:52:00","slug":"firma-ivai-convenio-con-la-ux-promueve-el-desarrollo-profesional-entre-sus-servidores-publicos","status":"publish","type":"post","link":"https:\/\/encuentroinformativo.com.mx\/?p=50405","title":{"rendered":"Firma IVAI convenio con la UX; promueve el desarrollo profesional entre sus servidores p\u00fablicos"},"content":{"rendered":"\n<p><strong>*David Agust\u00edn Jim\u00e9nez Rojas, Comisionado Presidente, se reuni\u00f3 con el Doctor Carlos Garc\u00eda M\u00e9ndez, Rector de la Universidad de Xalapa.<\/strong><\/p>\n\n\n\n<p>Xalapa, Ver.- Promover la excelencia acad\u00e9mica, la investigaci\u00f3n y el desarrollo profesional de todas y todos los servidores p\u00fablicos que integran el Instituto Veracruzano de Acceso a la Informaci\u00f3n y Protecci\u00f3n de Datos Personales (IVAI) es una prioridad para el Comisionado Presidente de este \u00d3rgano Garante, David Agust\u00edn Jim\u00e9nez Rojas, quien firm\u00f3 Convenio de Colaboraci\u00f3n de Apoyo Institucional con el Rector de la Universidad de Xalapa, Doctor Carlos Garc\u00eda M\u00e9ndez; lo acompa\u00f1aron la Comisionada Naldy Patricia Rodr\u00edguez Lagunes y el Comisionado Jos\u00e9 Alfredo Corona Liz\u00e1rraga.<\/p>\n\n\n\n<p>Jim\u00e9nez Rojas enfatiz\u00f3: \u201cestamos emocionados de unir fuerzas con una instituci\u00f3n acad\u00e9mica tan respetada y comprometida con la comunidad estudiantil, como lo es la Universidad de Xalapa. Estoy seguro que fortaleceremos nuestras capacidades, enriqueceremos nuestras experiencias y ampliaremos nuestras oportunidades para el crecimiento y la innovaci\u00f3n\u201d.<\/p>\n\n\n\n<p>El Comisionado Presidente agradeci\u00f3 a todas y todos los involucrados en la suscripci\u00f3n de dicho convenio. \u201cSu dedicaci\u00f3n y esfuerzo han hecho posible este importante hito\u201d.<\/p>\n\n\n\n<p>Durante la reuni\u00f3n estuvieron presentes, por parte del IVAI: la Titular del \u00d3rgano Interno de Control, Gabriela Mu\u00f1oz Rivera; la Titular de la Unidad de G\u00e9nero, Yumira Mart\u00ednez, y el Secretario Ejecutivo, Carlos Arturo Lara Flores.<\/p>\n\n\n\n<p>Por la UX, la Titular de la Unidad de G\u00e9nero, Sandra Soto; el Vicerrector General, Erik Garc\u00eda Herrera, as\u00ed como el Subdirector de Acr\u00f3polis, Maestro Jorge Rodr\u00edguez Franco.<\/p>\n","protected":false},"excerpt":{"rendered":"<p>*David Agust\u00edn Jim\u00e9nez Rojas, Comisionado Presidente, se reuni\u00f3 con el Doctor Carlos Garc\u00eda M\u00e9ndez, Rector de la Universidad de Xalapa. Xalapa, Ver.- Promover la excelencia acad\u00e9mica, la investigaci\u00f3n y el desarrollo profesional de todas y todos los servidores p\u00fablicos que integran el Instituto Veracruzano de Acceso a la Informaci\u00f3n y Protecci\u00f3n de Datos Personales (IVAI) [&hellip;]<\/p>\n","protected":false},"author":2476,"featured_media":50406,"comment_status":"open","ping_status":"open","sticky":false,"template":"","format":"standard","meta":{"_jetpack_memberships_contains_paid_content":false,"footnotes":""},"categories":[2],"tags":[],"class_list":["post-50405","post","type-post","status-publish","format-standard","has-post-thumbnail","hentry","category-estado"],"jetpack_featured_media_url":"https:\/\/encuentroinformativo.com.mx\/wp-content\/uploads\/2024\/02\/IMG-20240208-WA0118.jpg","jetpack_sharing_enabled":true,"jetpack_likes_enabled":true,"amp_enabled":true,"_links":{"self":[{"href":"https:\/\/encuentroinformativo.com.mx\/index.php?rest_route=\/wp\/v2\/posts\/50405","targetHints":{"allow":["GET"]}}],"collection":[{"href":"https:\/\/encuentroinformativo.com.mx\/index.php?rest_route=\/wp\/v2\/posts"}],"about":[{"href":"https:\/\/encuentroinformativo.com.mx\/index.php?rest_route=\/wp\/v2\/types\/post"}],"author":[{"embeddable":true,"href":"https:\/\/encuentroinformativo.com.mx\/index.php?rest_route=\/wp\/v2\/users\/2476"}],"replies":[{"embeddable":true,"href":"https:\/\/encuentroinformativo.com.mx\/index.php?rest_route=%2Fwp%2Fv2%2Fcomments&post=50405"}],"version-history":[{"count":1,"href":"https:\/\/encuentroinformativo.com.mx\/index.php?rest_route=\/wp\/v2\/posts\/50405\/revisions"}],"predecessor-version":[{"id":50407,"href":"https:\/\/encuentroinformativo.com.mx\/index.php?rest_route=\/wp\/v2\/posts\/50405\/revisions\/50407"}],"wp:featuredmedia":[{"embeddable":true,"href":"https:\/\/encuentroinformativo.com.mx\/index.php?rest_route=\/wp\/v2\/media\/50406"}],"wp:attachment":[{"href":"https:\/\/encuentroinformativo.com.mx\/index.php?rest_route=%2Fwp%2Fv2%2Fmedia&parent=50405"}],"wp:term":[{"taxonomy":"category","embeddable":true,"href":"https:\/\/encuentroinformativo.com.mx\/index.php?rest_route=%2Fwp%2Fv2%2Fcategories&post=50405"},{"taxonomy":"post_tag","embeddable":true,"href":"https:\/\/encuentroinformativo.com.mx\/index.php?rest_route=%2Fwp%2Fv2%2Ftags&post=50405"}],"curies":[{"name":"wp","href":"https:\/\/api.w.org\/{rel}","templated":true}]}}