{"id":50427,"date":"2024-02-09T11:38:23","date_gmt":"2024-02-09T17:38:23","guid":{"rendered":"https:\/\/encuentroinformativo.com.mx\/?p=50427"},"modified":"2024-02-09T11:38:28","modified_gmt":"2024-02-09T17:38:28","slug":"veracruz-tiene-deuda-pendiente-con-la-sociedad-pepe-yunes","status":"publish","type":"post","link":"https:\/\/encuentroinformativo.com.mx\/?p=50427","title":{"rendered":"Veracruz tiene deuda pendiente con la sociedad: Pepe Yunes"},"content":{"rendered":"\n<p><strong>Alejandro \u00c1vila<\/strong><\/p>\n\n\n\n<p>Veracruz, Ver.- En Veracruz se tiene una deuda pendiente con la sociedad, es por ello que en las \u00faltimas encuestas que se han realizado por la gubernatura, la ciudadan\u00eda ha aumentado el respaldo hacia Pepe Yunes.<\/p>\n\n\n\n<p>Los veracruzanos demandan un mejor lugar para vivir, y ante las evidentes ineficiencias del Gobierno de Morena para brindar seguridad, desarrollo econ\u00f3mico y salud, la opci\u00f3n de la alianza opositora &#8220;Fuerza y Coraz\u00f3n por Veracruz&#8221;, ha sido la de mayor agrado en los veracruzanos, asegur\u00f3 Jos\u00e9 Francisco Yunes Zorrilla.<\/p>\n\n\n\n<p>&#8220;Hay muy buen ambiente, si me permiten el comentario de un veterano de 10 campa\u00f1as, uno sabe cu\u00e1ndo se va a ganar y cu\u00e1ndo no se va a ganar, y esta se va a ganar no tenga la menor duda. Y adem\u00e1s ser\u00e1 para aprovechar esta oportunidad y poder empujar hacia el Veracruz que est\u00e1n demandando las veracruzanas y los veracruzanos, que es de mayor seguridad, que es de mayor oportunidad, de mayor desarrollo, hay una deuda pendiente con la entidad y ya es tiempo de empezarla a saldar&#8221;, subray\u00f3.<\/p>\n\n\n\n<p>Pepe Yunes lament\u00f3 la utilizaci\u00f3n de recursos p\u00fablicos del Gobierno de Veracruz en favor de sus candidatos, y asegur\u00f3 que han documentado todo la ilegalidad que ejecutan y las pruebas ser\u00e1n presentadas ante las instancias correspondientes.<\/p>\n\n\n\n<p>&#8220;S\u00ed hemos documentado a la utilizaci\u00f3n de recursos p\u00fablicos, de recursos p\u00fablicos que dejan de llegar a la gente en temas tan sensibles como la seguridad o como la salud o como la educaci\u00f3n o como la carretera o como el apoyo al campo, y en lugar de estar ah\u00ed hoy que la demandan tanto, se utilizan para apuntalar campa\u00f1as pol\u00edticas del partido en el Gobierno que es Morena, y a su candidata y a sus candidatos, y eso simple y llanamente es un crimen en funci\u00f3n de lo que est\u00e1 demandando con toda legitimidad los veracruzanos. Y no basta solo la denuncia, hay que presentarla ante las instancias formales, para que de ah\u00ed se puedan ir deslindando responsabilidades&#8221;, asest\u00f3.<\/p>\n\n\n\n<p>Este viernes por la ma\u00f1ana Pepe Yunes sostuvo una reuni\u00f3n con los empresarios agremiados al Consejo Coordinador Empresarial (CCE); esta misma tarde en el puerto de Veracruz realizar\u00e1 un evento masivo z\u00f3calo de la ciudad en punto de las 5 de la tarde.<\/p>\n","protected":false},"excerpt":{"rendered":"<p>Alejandro \u00c1vila Veracruz, Ver.- En Veracruz se tiene una deuda pendiente con la sociedad, es por ello que en las \u00faltimas encuestas que se han realizado por la gubernatura, la ciudadan\u00eda ha aumentado el respaldo hacia Pepe Yunes. Los veracruzanos demandan un mejor lugar para vivir, y ante las evidentes ineficiencias del Gobierno de Morena [&hellip;]<\/p>\n","protected":false},"author":2476,"featured_media":50428,"comment_status":"open","ping_status":"open","sticky":false,"template":"","format":"standard","meta":{"_jetpack_memberships_contains_paid_content":false,"footnotes":""},"categories":[2],"tags":[],"class_list":["post-50427","post","type-post","status-publish","format-standard","has-post-thumbnail","hentry","category-estado"],"jetpack_featured_media_url":"https:\/\/encuentroinformativo.com.mx\/wp-content\/uploads\/2024\/02\/IMG-20240209-WA0014.jpg","jetpack_sharing_enabled":true,"jetpack_likes_enabled":true,"amp_enabled":true,"_links":{"self":[{"href":"https:\/\/encuentroinformativo.com.mx\/index.php?rest_route=\/wp\/v2\/posts\/50427","targetHints":{"allow":["GET"]}}],"collection":[{"href":"https:\/\/encuentroinformativo.com.mx\/index.php?rest_route=\/wp\/v2\/posts"}],"about":[{"href":"https:\/\/encuentroinformativo.com.mx\/index.php?rest_route=\/wp\/v2\/types\/post"}],"author":[{"embeddable":true,"href":"https:\/\/encuentroinformativo.com.mx\/index.php?rest_route=\/wp\/v2\/users\/2476"}],"replies":[{"embeddable":true,"href":"https:\/\/encuentroinformativo.com.mx\/index.php?rest_route=%2Fwp%2Fv2%2Fcomments&post=50427"}],"version-history":[{"count":1,"href":"https:\/\/encuentroinformativo.com.mx\/index.php?rest_route=\/wp\/v2\/posts\/50427\/revisions"}],"predecessor-version":[{"id":50429,"href":"https:\/\/encuentroinformativo.com.mx\/index.php?rest_route=\/wp\/v2\/posts\/50427\/revisions\/50429"}],"wp:featuredmedia":[{"embeddable":true,"href":"https:\/\/encuentroinformativo.com.mx\/index.php?rest_route=\/wp\/v2\/media\/50428"}],"wp:attachment":[{"href":"https:\/\/encuentroinformativo.com.mx\/index.php?rest_route=%2Fwp%2Fv2%2Fmedia&parent=50427"}],"wp:term":[{"taxonomy":"category","embeddable":true,"href":"https:\/\/encuentroinformativo.com.mx\/index.php?rest_route=%2Fwp%2Fv2%2Fcategories&post=50427"},{"taxonomy":"post_tag","embeddable":true,"href":"https:\/\/encuentroinformativo.com.mx\/index.php?rest_route=%2Fwp%2Fv2%2Ftags&post=50427"}],"curies":[{"name":"wp","href":"https:\/\/api.w.org\/{rel}","templated":true}]}}